{"id":2966,"date":"2022-09-30T13:29:55","date_gmt":"2022-09-30T13:29:55","guid":{"rendered":"https:\/\/perfogroup.ch\/?p=2966"},"modified":"2025-07-02T15:38:42","modified_gmt":"2025-07-02T15:38:42","slug":"theater-la-nouvelle-comedie-genf","status":"publish","type":"post","link":"https:\/\/perfogroup.ch\/de\/projet\/theatre-nouvelle-comedie-geneve\/","title":{"rendered":"Theater La Nouvelle Com\u00e9die, Genf"},"content":{"rendered":"\t\t<div data-elementor-type=\"wp-post\" data-elementor-id=\"2966\" class=\"elementor elementor-2966\" data-elementor-post-type=\"post\">\n\t\t\t\t<div class=\"elementor-element elementor-element-d943fb5 e-con-full e-flex e-con e-parent\" data-id=\"d943fb5\" data-element_type=\"container\" data-e-type=\"container\" id=\"uppage\" data-settings=\"{&quot;background_background&quot;:&quot;classic&quot;}\">\n\t\t<div class=\"elementor-element elementor-element-dc48551 e-con-full e-flex e-con e-child\" data-id=\"dc48551\" data-element_type=\"container\" data-e-type=\"container\">\n\t\t\t\t<\/div>\n\t\t<div class=\"elementor-element elementor-element-31d88a6 e-con-full e-flex e-con e-child\" data-id=\"31d88a6\" data-element_type=\"container\" data-e-type=\"container\" data-settings=\"{&quot;background_background&quot;:&quot;classic&quot;}\">\n\t\t\t\t<div class=\"elementor-element elementor-element-4cdc6c5 elementor-widget elementor-widget-text-editor\" data-id=\"4cdc6c5\" data-element_type=\"widget\" data-e-type=\"widget\" data-widget_type=\"text-editor.default\">\n\t\t\t\t<div class=\"elementor-widget-container\">\n\t\t\t\t\t\t\t\t\t<p>La nouvelle Com\u00e9die de Gen\u00e8ve comporte deux salles de spectacles, l\u2019une frontale de 498 places et l\u2019autre modulable de 198 places. Elle r\u00e9unit dans un m\u00eame lieu des ateliers de fabrication de d\u00e9cors et de costumes, deux salles de r\u00e9p\u00e9tition, des locaux administratifs et des espaces destin\u00e9s au public (restaurant, hall d\u2019accueil).<\/p><p>Cet ouvrage offre une image architecturale forte, contemporaine et embl\u00e9matique dans le nouveau quartier de la gare des Eaux-Vives.<\/p>\t\t\t\t\t\t\t\t<\/div>\n\t\t\t\t<\/div>\n\t\t\t\t<div class=\"elementor-element elementor-element-f5050fd elementor-align-start elementor-icon-list--layout-traditional elementor-list-item-link-full_width elementor-widget elementor-widget-icon-list\" data-id=\"f5050fd\" data-element_type=\"widget\" data-e-type=\"widget\" data-widget_type=\"icon-list.default\">\n\t\t\t\t<div class=\"elementor-widget-container\">\n\t\t\t\t\t\t\t<ul class=\"elementor-icon-list-items\">\n\t\t\t\t\t\t\t<li class=\"elementor-icon-list-item\">\n\t\t\t\t\t\t\t\t\t\t\t<span class=\"elementor-icon-list-icon\">\n\t\t\t\t\t\t\t<i aria-hidden=\"true\" class=\"fas fa-map-marker-alt\"><\/i>\t\t\t\t\t\t<\/span>\n\t\t\t\t\t\t\t\t\t\t<span class=\"elementor-icon-list-text\"><strong>Lieu: <\/strong>Gen\u00e8ve<\/span>\n\t\t\t\t\t\t\t\t\t<\/li>\n\t\t\t\t\t\t\t\t<li class=\"elementor-icon-list-item\">\n\t\t\t\t\t\t\t\t\t\t\t<span class=\"elementor-icon-list-icon\">\n\t\t\t\t\t\t\t<i aria-hidden=\"true\" class=\"far fa-map\"><\/i>\t\t\t\t\t\t<\/span>\n\t\t\t\t\t\t\t\t\t\t<span class=\"elementor-icon-list-text\"><strong>Surface: <\/strong>4'160 m\u00b2<\/span>\n\t\t\t\t\t\t\t\t\t<\/li>\n\t\t\t\t\t\t\t\t<li class=\"elementor-icon-list-item\">\n\t\t\t\t\t\t\t\t\t\t\t<span class=\"elementor-icon-list-icon\">\n\t\t\t\t\t\t\t<i aria-hidden=\"true\" class=\"far fa-calendar-alt\"><\/i>\t\t\t\t\t\t<\/span>\n\t\t\t\t\t\t\t\t\t\t<span class=\"elementor-icon-list-text\"><strong>Date: <\/strong>2020<\/span>\n\t\t\t\t\t\t\t\t\t<\/li>\n\t\t\t\t\t\t<\/ul>\n\t\t\t\t\t\t<\/div>\n\t\t\t\t<\/div>\n\t\t\t\t<div class=\"elementor-element elementor-element-9b11f28 elementor-widget-divider--view-line elementor-widget elementor-widget-divider\" data-id=\"9b11f28\" data-element_type=\"widget\" data-e-type=\"widget\" data-widget_type=\"divider.default\">\n\t\t\t\t<div class=\"elementor-widget-container\">\n\t\t\t\t\t\t\t<div class=\"elementor-divider\">\n\t\t\t<span class=\"elementor-divider-separator\">\n\t\t\t\t\t\t<\/span>\n\t\t<\/div>\n\t\t\t\t\t\t<\/div>\n\t\t\t\t<\/div>\n\t\t\t\t<div class=\"elementor-element elementor-element-451d6d1 elementor-widget elementor-widget-heading\" data-id=\"451d6d1\" data-element_type=\"widget\" data-e-type=\"widget\" data-widget_type=\"heading.default\">\n\t\t\t\t<div class=\"elementor-widget-container\">\n\t\t\t\t\t<h2 class=\"elementor-heading-title elementor-size-default\">Technologies<\/h2>\t\t\t\t<\/div>\n\t\t\t\t<\/div>\n\t\t\t\t<div class=\"elementor-element elementor-element-bb7f7cc elementor-widget elementor-widget-text-editor\" data-id=\"bb7f7cc\" data-element_type=\"widget\" data-e-type=\"widget\" data-widget_type=\"text-editor.default\">\n\t\t\t\t<div class=\"elementor-widget-container\">\n\t\t\t\t\t\t\t\t\t<p><strong>Eclairage de s\u00e9curit\u00e9<\/strong><\/p><p>Armoires d\u2019\u00e9nergie avec contr\u00f4le individuel des luminaires, contr\u00f4le de ligne et luminaires autonomes autotest.<\/p>\t\t\t\t\t\t\t\t<\/div>\n\t\t\t\t<\/div>\n\t\t\t\t<div class=\"elementor-element elementor-element-eff0bc2 elementor-widget elementor-widget-text-editor\" data-id=\"eff0bc2\" data-element_type=\"widget\" data-e-type=\"widget\" data-widget_type=\"text-editor.default\">\n\t\t\t\t<div class=\"elementor-widget-container\">\n\t\t\t\t\t\t\t\t\t<p><strong>Exutoires de fum\u00e9e<\/strong><\/p><p>Voies d\u2019\u00e9vacuation verticales et zones sp\u00e9cifiques.<\/p>\t\t\t\t\t\t\t\t<\/div>\n\t\t\t\t<\/div>\n\t\t\t\t<div class=\"elementor-element elementor-element-35c2c6c elementor-widget elementor-widget-button\" data-id=\"35c2c6c\" data-element_type=\"widget\" data-e-type=\"widget\" data-widget_type=\"button.default\">\n\t\t\t\t<div class=\"elementor-widget-container\">\n\t\t\t\t\t\t\t\t\t<div class=\"elementor-button-wrapper\">\n\t\t\t\t\t<a class=\"elementor-button elementor-button-link elementor-size-sm\" href=\"https:\/\/perfogroup.ch\/de\/projets\/\">\n\t\t\t\t\t\t<span class=\"elementor-button-content-wrapper\">\n\t\t\t\t\t\t\t\t\t<span class=\"elementor-button-text\">Voir tous les projets<\/span>\n\t\t\t\t\t<\/span>\n\t\t\t\t\t<\/a>\n\t\t\t\t<\/div>\n\t\t\t\t\t\t\t\t<\/div>\n\t\t\t\t<\/div>\n\t\t\t\t<div class=\"elementor-element elementor-element-b7c67c7 elementor-widget elementor-widget-heading\" data-id=\"b7c67c7\" data-element_type=\"widget\" data-e-type=\"widget\" data-widget_type=\"heading.default\">\n\t\t\t\t<div class=\"elementor-widget-container\">\n\t\t\t\t\t<p class=\"elementor-heading-title elementor-size-default\">\u00a9 Photos Yves Andr\u00e9<\/p>\t\t\t\t<\/div>\n\t\t\t\t<\/div>\n\t\t\t\t<\/div>\n\t\t\t\t<\/div>\n\t\t<div class=\"elementor-element elementor-element-533aec5 e-con-full e-flex e-con e-parent\" data-id=\"533aec5\" data-element_type=\"container\" data-e-type=\"container\">\n\t\t<div class=\"elementor-element elementor-element-f897583 e-con-full e-flex e-con e-child\" data-id=\"f897583\" data-element_type=\"container\" data-e-type=\"container\" data-settings=\"{&quot;background_background&quot;:&quot;classic&quot;}\">\n\t\t\t\t<div class=\"elementor-element elementor-element-9bbe4a6 elementor-widget elementor-widget-spacer\" data-id=\"9bbe4a6\" data-element_type=\"widget\" data-e-type=\"widget\" data-widget_type=\"spacer.default\">\n\t\t\t\t<div class=\"elementor-widget-container\">\n\t\t\t\t\t\t\t<div class=\"elementor-spacer\">\n\t\t\t<div class=\"elementor-spacer-inner\"><\/div>\n\t\t<\/div>\n\t\t\t\t\t\t<\/div>\n\t\t\t\t<\/div>\n\t\t\t\t<\/div>\n\t\t<div class=\"elementor-element elementor-element-adca019 e-con-full e-flex e-con e-child\" data-id=\"adca019\" data-element_type=\"container\" data-e-type=\"container\" data-settings=\"{&quot;background_background&quot;:&quot;slideshow&quot;,&quot;background_slideshow_gallery&quot;:[{&quot;id&quot;:7442,&quot;url&quot;:&quot;https:\\\/\\\/perfogroup.ch\\\/wp-content\\\/uploads\\\/2022\\\/09\\\/perfogroup-nouvelle-comedie-2.jpg&quot;},{&quot;id&quot;:7443,&quot;url&quot;:&quot;https:\\\/\\\/perfogroup.ch\\\/wp-content\\\/uploads\\\/2022\\\/09\\\/perfogroup-nouvelle-comedie-3.jpg&quot;},{&quot;id&quot;:7444,&quot;url&quot;:&quot;https:\\\/\\\/perfogroup.ch\\\/wp-content\\\/uploads\\\/2022\\\/09\\\/perfogroup-nouvelle-comedie-4.jpg&quot;}],&quot;background_slideshow_lazyload&quot;:&quot;yes&quot;,&quot;background_slideshow_ken_burns&quot;:&quot;yes&quot;,&quot;background_slideshow_loop&quot;:&quot;yes&quot;,&quot;background_slideshow_slide_duration&quot;:5000,&quot;background_slideshow_slide_transition&quot;:&quot;fade&quot;,&quot;background_slideshow_transition_duration&quot;:500,&quot;background_slideshow_ken_burns_zoom_direction&quot;:&quot;in&quot;}\">\n\t\t\t\t<\/div>\n\t\t\t\t<\/div>\n\t\t<nav class=\"elementor-element elementor-element-05c0955 e-flex e-con-boxed e-con e-parent\" data-id=\"05c0955\" data-element_type=\"container\" data-e-type=\"container\" data-settings=\"{&quot;background_background&quot;:&quot;classic&quot;}\">\n\t\t\t\t\t<div class=\"e-con-inner\">\n\t\t<div class=\"elementor-element elementor-element-5665eaa e-con-full e-flex e-con e-child\" data-id=\"5665eaa\" data-element_type=\"container\" data-e-type=\"container\">\n\t\t\t\t<div class=\"elementor-element elementor-element-fed9115 elementor-widget elementor-widget-post-navigation\" data-id=\"fed9115\" data-element_type=\"widget\" data-e-type=\"widget\" data-widget_type=\"post-navigation.default\">\n\t\t\t\t<div class=\"elementor-widget-container\">\n\t\t\t\t\t\t\t<div class=\"elementor-post-navigation\" role=\"navigation\" aria-label=\"Beitrag Navigation\">\n\t\t\t<div class=\"elementor-post-navigation__prev elementor-post-navigation__link\">\n\t\t\t\t\t\t\t<\/div>\n\t\t\t\t\t\t<div class=\"elementor-post-navigation__next elementor-post-navigation__link\">\n\t\t\t\t<a href=\"https:\/\/perfogroup.ch\/de\/projet\/vaudoise-arena-malley\/\" rel=\"next\"><span class=\"elementor-post-navigation__link__next\"><span class=\"post-navigation__next--title\">Vaudoise ar\u00e9na, Malley<\/span><\/span><span class=\"post-navigation__arrow-wrapper post-navigation__arrow-next\"><i aria-hidden=\"true\" class=\"fas fa-angle-right\"><\/i><span class=\"elementor-screen-only\">N\u00e4chster<\/span><\/span><\/a>\t\t\t<\/div>\n\t\t<\/div>\n\t\t\t\t\t\t<\/div>\n\t\t\t\t<\/div>\n\t\t\t\t<\/div>\n\t\t\t\t\t<\/div>\n\t\t\t\t<\/nav>\n\t\t<div class=\"elementor-element elementor-element-5f769f5 e-flex e-con-boxed e-con e-parent\" data-id=\"5f769f5\" data-element_type=\"container\" data-e-type=\"container\" data-settings=\"{&quot;background_background&quot;:&quot;classic&quot;}\">\n\t\t\t\t\t<div class=\"e-con-inner\">\n\t\t<div class=\"elementor-element elementor-element-2a3cec3 e-con-full e-flex e-con e-child\" data-id=\"2a3cec3\" data-element_type=\"container\" data-e-type=\"container\">\n\t\t\t\t<div class=\"elementor-element elementor-element-ec0cb13 elementor-widget elementor-widget-heading\" data-id=\"ec0cb13\" data-element_type=\"widget\" data-e-type=\"widget\" data-widget_type=\"heading.default\">\n\t\t\t\t<div class=\"elementor-widget-container\">\n\t\t\t\t\t<h3 class=\"elementor-heading-title elementor-size-default\">Il est peut-\u00eatre temps de changer vos luminaires&nbsp;?<\/h3>\t\t\t\t<\/div>\n\t\t\t\t<\/div>\n\t\t\t\t<div class=\"elementor-element elementor-element-a5da42c elementor-widget elementor-widget-text-editor\" data-id=\"a5da42c\" data-element_type=\"widget\" data-e-type=\"widget\" data-widget_type=\"text-editor.default\">\n\t\t\t\t<div class=\"elementor-widget-container\">\n\t\t\t\t\t\t\t\t\t<p><span data-sheets-value=\"{&quot;1&quot;:2,&quot;2&quot;:&quot;D\u00e9couvrez les tendances actuelles&quot;}\" data-sheets-userformat=\"{&quot;2&quot;:897,&quot;3&quot;:{&quot;1&quot;:0},&quot;10&quot;:0,&quot;11&quot;:4,&quot;12&quot;:0}\">D\u00e9couvrez le relamping LED et optimisez votre rendement<\/span><\/p>\t\t\t\t\t\t\t\t<\/div>\n\t\t\t\t<\/div>\n\t\t\t\t<div class=\"elementor-element elementor-element-19bad6a elementor-button-info elementor-align-center elementor-widget elementor-widget-button\" data-id=\"19bad6a\" data-element_type=\"widget\" data-e-type=\"widget\" data-widget_type=\"button.default\">\n\t\t\t\t<div class=\"elementor-widget-container\">\n\t\t\t\t\t\t\t\t\t<div class=\"elementor-button-wrapper\">\n\t\t\t\t\t<a class=\"elementor-button elementor-button-link elementor-size-lg\" href=\"https:\/\/perfogroup.ch\/de\/relamping\/\">\n\t\t\t\t\t\t<span class=\"elementor-button-content-wrapper\">\n\t\t\t\t\t\t\t\t\t<span class=\"elementor-button-text\">D\u00e9couvrir le relamping LED<\/span>\n\t\t\t\t\t<\/span>\n\t\t\t\t\t<\/a>\n\t\t\t\t<\/div>\n\t\t\t\t\t\t\t\t<\/div>\n\t\t\t\t<\/div>\n\t\t\t\t<\/div>\n\t\t\t\t\t<\/div>\n\t\t\t\t<\/div>\n\t\t\t\t<\/div>\n\t\t","protected":false},"excerpt":{"rendered":"<p>La nouvelle Com\u00e9die de Gen\u00e8ve comporte deux salles de spectacles, l\u2019une frontale de 498 places et l\u2019autre modulable de 198 places. Elle r\u00e9unit dans un m\u00eame lieu des ateliers de fabrication de d\u00e9cors et de costumes, deux salles de r\u00e9p\u00e9tition, des locaux administratifs et des espaces destin\u00e9s au public (restaurant, hall d\u2019accueil). Cet ouvrage offre [&hellip;]<\/p>\n","protected":false},"author":7,"featured_media":7439,"comment_status":"closed","ping_status":"open","sticky":false,"template":"elementor_header_footer","format":"standard","meta":{"_acf_changed":false,"ocean_post_layout":"","ocean_both_sidebars_style":"","ocean_both_sidebars_content_width":0,"ocean_both_sidebars_sidebars_width":0,"ocean_sidebar":"0","ocean_second_sidebar":"0","ocean_disable_margins":"enable","ocean_add_body_class":"","ocean_shortcode_before_top_bar":"","ocean_shortcode_after_top_bar":"","ocean_shortcode_before_header":"","ocean_shortcode_after_header":"","ocean_has_shortcode":"","ocean_shortcode_after_title":"","ocean_shortcode_before_footer_widgets":"","ocean_shortcode_after_footer_widgets":"","ocean_shortcode_before_footer_bottom":"","ocean_shortcode_after_footer_bottom":"","ocean_display_top_bar":"default","ocean_display_header":"default","ocean_header_style":"","ocean_center_header_left_menu":"0","ocean_custom_header_template":"0","ocean_custom_logo":0,"ocean_custom_retina_logo":0,"ocean_custom_logo_max_width":0,"ocean_custom_logo_tablet_max_width":0,"ocean_custom_logo_mobile_max_width":0,"ocean_custom_logo_max_height":0,"ocean_custom_logo_tablet_max_height":0,"ocean_custom_logo_mobile_max_height":0,"ocean_header_custom_menu":"0","ocean_menu_typo_font_family":"0","ocean_menu_typo_font_subset":"","ocean_menu_typo_font_size":0,"ocean_menu_typo_font_size_tablet":0,"ocean_menu_typo_font_size_mobile":0,"ocean_menu_typo_font_size_unit":"px","ocean_menu_typo_font_weight":"","ocean_menu_typo_font_weight_tablet":"","ocean_menu_typo_font_weight_mobile":"","ocean_menu_typo_transform":"","ocean_menu_typo_transform_tablet":"","ocean_menu_typo_transform_mobile":"","ocean_menu_typo_line_height":0,"ocean_menu_typo_line_height_tablet":0,"ocean_menu_typo_line_height_mobile":0,"ocean_menu_typo_line_height_unit":"","ocean_menu_typo_spacing":0,"ocean_menu_typo_spacing_tablet":0,"ocean_menu_typo_spacing_mobile":0,"ocean_menu_typo_spacing_unit":"","ocean_menu_link_color":"","ocean_menu_link_color_hover":"","ocean_menu_link_color_active":"","ocean_menu_link_background":"","ocean_menu_link_hover_background":"","ocean_menu_link_active_background":"","ocean_menu_social_links_bg":"","ocean_menu_social_hover_links_bg":"","ocean_menu_social_links_color":"","ocean_menu_social_hover_links_color":"","ocean_disable_title":"default","ocean_disable_heading":"default","ocean_post_title":"","ocean_post_subheading":"","ocean_post_title_style":"","ocean_post_title_background_color":"","ocean_post_title_background":0,"ocean_post_title_bg_image_position":"","ocean_post_title_bg_image_attachment":"","ocean_post_title_bg_image_repeat":"","ocean_post_title_bg_image_size":"","ocean_post_title_height":0,"ocean_post_title_bg_overlay":0.5,"ocean_post_title_bg_overlay_color":"","ocean_disable_breadcrumbs":"default","ocean_breadcrumbs_color":"","ocean_breadcrumbs_separator_color":"","ocean_breadcrumbs_links_color":"","ocean_breadcrumbs_links_hover_color":"","ocean_display_footer_widgets":"default","ocean_display_footer_bottom":"default","ocean_custom_footer_template":"0","ocean_post_oembed":"","ocean_post_self_hosted_media":"","ocean_post_video_embed":"","ocean_link_format":"","ocean_link_format_target":"self","ocean_quote_format":"","ocean_quote_format_link":"post","ocean_gallery_link_images":"off","ocean_gallery_id":[],"footnotes":""},"categories":[1],"tags":[159],"categorie-blog":[],"class_list":["post-2966","post","type-post","status-publish","format-standard","has-post-thumbnail","hentry","category-projet","tag-culture","entry","has-media","owp-thumbs-layout-horizontal","owp-btn-normal","owp-tabs-layout-horizontal","has-no-thumbnails","has-product-nav"],"acf":[],"yoast_head":"<!-- This site is optimized with the Yoast SEO Premium plugin v21.9 (Yoast SEO v27.5) - https:\/\/yoast.com\/product\/yoast-seo-premium-wordpress\/ -->\n<title>Th\u00e9\u00e2tre La Nouvelle Com\u00e9die, Gen\u00e8ve<\/title>\n<meta name=\"robots\" content=\"noindex, follow\" \/>\n<meta property=\"og:locale\" content=\"de_DE\" \/>\n<meta property=\"og:type\" content=\"article\" \/>\n<meta property=\"og:title\" content=\"Th\u00e9\u00e2tre La Nouvelle Com\u00e9die, Gen\u00e8ve\" \/>\n<meta property=\"og:description\" content=\"La nouvelle Com\u00e9die de Gen\u00e8ve comporte deux salles de spectacles, l\u2019une frontale de 498 places et l\u2019autre modulable de 198 places. Elle r\u00e9unit dans un m\u00eame lieu des ateliers de fabrication de d\u00e9cors et de costumes, deux salles de r\u00e9p\u00e9tition, des locaux administratifs et des espaces destin\u00e9s au public (restaurant, hall d\u2019accueil). Cet ouvrage offre [&hellip;]\" \/>\n<meta property=\"og:url\" content=\"https:\/\/perfogroup.ch\/de\/projekt\/theater-la-nouvelle-comedie-genf\/\" \/>\n<meta property=\"og:site_name\" content=\"Perfogroup\" \/>\n<meta property=\"article:published_time\" content=\"2022-09-30T13:29:55+00:00\" \/>\n<meta property=\"article:modified_time\" content=\"2025-07-02T15:38:42+00:00\" \/>\n<meta property=\"og:image\" content=\"https:\/\/perfogroup.ch\/wp-content\/uploads\/2022\/09\/perfogroup-nouvelle-comedie-main.jpg\" \/>\n\t<meta property=\"og:image:width\" content=\"1600\" \/>\n\t<meta property=\"og:image:height\" content=\"1200\" \/>\n\t<meta property=\"og:image:type\" content=\"image\/jpeg\" \/>\n<meta name=\"author\" content=\"Tony\" \/>\n<meta name=\"twitter:card\" content=\"summary_large_image\" \/>\n<meta name=\"twitter:label1\" content=\"Verfasst von\" \/>\n\t<meta name=\"twitter:data1\" content=\"Tony\" \/>\n\t<meta name=\"twitter:label2\" content=\"Gesch\u00e4tzte Lesezeit\" \/>\n\t<meta name=\"twitter:data2\" content=\"1\u00a0Minute\" \/>\n<script type=\"application\/ld+json\" class=\"yoast-schema-graph\">{\"@context\":\"https:\\\/\\\/schema.org\",\"@graph\":[{\"@type\":\"Article\",\"@id\":\"https:\\\/\\\/perfogroup.ch\\\/projet\\\/theatre-nouvelle-comedie-geneve\\\/#article\",\"isPartOf\":{\"@id\":\"https:\\\/\\\/perfogroup.ch\\\/projet\\\/theatre-nouvelle-comedie-geneve\\\/\"},\"author\":{\"name\":\"Tony\",\"@id\":\"https:\\\/\\\/perfogroup.ch\\\/#\\\/schema\\\/person\\\/863b0053dfca83a93dcdd8fcfba585d3\"},\"headline\":\"Th\u00e9\u00e2tre La Nouvelle Com\u00e9die, Gen\u00e8ve\",\"datePublished\":\"2022-09-30T13:29:55+00:00\",\"dateModified\":\"2025-07-02T15:38:42+00:00\",\"mainEntityOfPage\":{\"@id\":\"https:\\\/\\\/perfogroup.ch\\\/projet\\\/theatre-nouvelle-comedie-geneve\\\/\"},\"wordCount\":160,\"publisher\":{\"@id\":\"https:\\\/\\\/perfogroup.ch\\\/#organization\"},\"image\":{\"@id\":\"https:\\\/\\\/perfogroup.ch\\\/projet\\\/theatre-nouvelle-comedie-geneve\\\/#primaryimage\"},\"thumbnailUrl\":\"https:\\\/\\\/perfogroup.ch\\\/wp-content\\\/uploads\\\/2022\\\/09\\\/perfogroup-nouvelle-comedie-main.jpg\",\"keywords\":[\"Th\u00e9\u00e2tre, cin\u00e9ma &amp; concert\"],\"articleSection\":[\"projet\"],\"inLanguage\":\"de\"},{\"@type\":\"WebPage\",\"@id\":\"https:\\\/\\\/perfogroup.ch\\\/projet\\\/theatre-nouvelle-comedie-geneve\\\/\",\"url\":\"https:\\\/\\\/perfogroup.ch\\\/projet\\\/theatre-nouvelle-comedie-geneve\\\/\",\"name\":\"Th\u00e9\u00e2tre La Nouvelle Com\u00e9die, Gen\u00e8ve\",\"isPartOf\":{\"@id\":\"https:\\\/\\\/perfogroup.ch\\\/#website\"},\"primaryImageOfPage\":{\"@id\":\"https:\\\/\\\/perfogroup.ch\\\/projet\\\/theatre-nouvelle-comedie-geneve\\\/#primaryimage\"},\"image\":{\"@id\":\"https:\\\/\\\/perfogroup.ch\\\/projet\\\/theatre-nouvelle-comedie-geneve\\\/#primaryimage\"},\"thumbnailUrl\":\"https:\\\/\\\/perfogroup.ch\\\/wp-content\\\/uploads\\\/2022\\\/09\\\/perfogroup-nouvelle-comedie-main.jpg\",\"datePublished\":\"2022-09-30T13:29:55+00:00\",\"dateModified\":\"2025-07-02T15:38:42+00:00\",\"inLanguage\":\"de\",\"potentialAction\":[{\"@type\":\"ReadAction\",\"target\":[\"https:\\\/\\\/perfogroup.ch\\\/projet\\\/theatre-nouvelle-comedie-geneve\\\/\"]}]},{\"@type\":\"ImageObject\",\"inLanguage\":\"de\",\"@id\":\"https:\\\/\\\/perfogroup.ch\\\/projet\\\/theatre-nouvelle-comedie-geneve\\\/#primaryimage\",\"url\":\"https:\\\/\\\/perfogroup.ch\\\/wp-content\\\/uploads\\\/2022\\\/09\\\/perfogroup-nouvelle-comedie-main.jpg\",\"contentUrl\":\"https:\\\/\\\/perfogroup.ch\\\/wp-content\\\/uploads\\\/2022\\\/09\\\/perfogroup-nouvelle-comedie-main.jpg\",\"width\":1600,\"height\":1200,\"caption\":\"Th\u00e9\u00e2tre La Nouvelle Com\u00e9die, Gen\u00e8ve\"},{\"@type\":\"WebSite\",\"@id\":\"https:\\\/\\\/perfogroup.ch\\\/#website\",\"url\":\"https:\\\/\\\/perfogroup.ch\\\/\",\"name\":\"Perfogroup\",\"description\":\"Global solution\",\"publisher\":{\"@id\":\"https:\\\/\\\/perfogroup.ch\\\/#organization\"},\"potentialAction\":[{\"@type\":\"SearchAction\",\"target\":{\"@type\":\"EntryPoint\",\"urlTemplate\":\"https:\\\/\\\/perfogroup.ch\\\/?s={search_term_string}\"},\"query-input\":{\"@type\":\"PropertyValueSpecification\",\"valueRequired\":true,\"valueName\":\"search_term_string\"}}],\"inLanguage\":\"de\"},{\"@type\":\"Organization\",\"@id\":\"https:\\\/\\\/perfogroup.ch\\\/#organization\",\"name\":\"Perfogroup\",\"alternateName\":\"Perfolux | Perfolight | Perfosound\",\"url\":\"https:\\\/\\\/perfogroup.ch\\\/\",\"logo\":{\"@type\":\"ImageObject\",\"inLanguage\":\"de\",\"@id\":\"https:\\\/\\\/perfogroup.ch\\\/#\\\/schema\\\/logo\\\/image\\\/\",\"url\":\"https:\\\/\\\/perfogroup.ch\\\/wp-content\\\/uploads\\\/2020\\\/05\\\/Logo_PERFOGROUP.svg\",\"contentUrl\":\"https:\\\/\\\/perfogroup.ch\\\/wp-content\\\/uploads\\\/2020\\\/05\\\/Logo_PERFOGROUP.svg\",\"width\":167,\"height\":34,\"caption\":\"Perfogroup\"},\"image\":{\"@id\":\"https:\\\/\\\/perfogroup.ch\\\/#\\\/schema\\\/logo\\\/image\\\/\"},\"sameAs\":[\"https:\\\/\\\/www.instagram.com\\\/perfogroup\",\"https:\\\/\\\/www.linkedin.com\\\/company\\\/perfolux-sa\"]},{\"@type\":\"Person\",\"@id\":\"https:\\\/\\\/perfogroup.ch\\\/#\\\/schema\\\/person\\\/863b0053dfca83a93dcdd8fcfba585d3\",\"name\":\"Tony\",\"image\":{\"@type\":\"ImageObject\",\"inLanguage\":\"de\",\"@id\":\"https:\\\/\\\/secure.gravatar.com\\\/avatar\\\/e00f7893de99afd6808a2f6b9460fdc17a343289183bc5ea258a92f4b99eafd2?s=96&d=mm&r=g\",\"url\":\"https:\\\/\\\/secure.gravatar.com\\\/avatar\\\/e00f7893de99afd6808a2f6b9460fdc17a343289183bc5ea258a92f4b99eafd2?s=96&d=mm&r=g\",\"contentUrl\":\"https:\\\/\\\/secure.gravatar.com\\\/avatar\\\/e00f7893de99afd6808a2f6b9460fdc17a343289183bc5ea258a92f4b99eafd2?s=96&d=mm&r=g\",\"caption\":\"Tony\"},\"sameAs\":[\"https:\\\/\\\/perfogroup.ch\"]}]}<\/script>\n<!-- \/ Yoast SEO Premium plugin. -->","yoast_head_json":{"title":"Theater La Nouvelle Com\u00e9die, Genf","robots":{"index":"noindex","follow":"follow"},"og_locale":"de_DE","og_type":"article","og_title":"Th\u00e9\u00e2tre La Nouvelle Com\u00e9die, Gen\u00e8ve","og_description":"La nouvelle Com\u00e9die de Gen\u00e8ve comporte deux salles de spectacles, l\u2019une frontale de 498 places et l\u2019autre modulable de 198 places. Elle r\u00e9unit dans un m\u00eame lieu des ateliers de fabrication de d\u00e9cors et de costumes, deux salles de r\u00e9p\u00e9tition, des locaux administratifs et des espaces destin\u00e9s au public (restaurant, hall d\u2019accueil). Cet ouvrage offre [&hellip;]","og_url":"https:\/\/perfogroup.ch\/de\/projekt\/theater-la-nouvelle-comedie-genf\/","og_site_name":"Perfogroup","article_published_time":"2022-09-30T13:29:55+00:00","article_modified_time":"2025-07-02T15:38:42+00:00","og_image":[{"width":1600,"height":1200,"url":"https:\/\/perfogroup.ch\/wp-content\/uploads\/2022\/09\/perfogroup-nouvelle-comedie-main.jpg","type":"image\/jpeg"}],"author":"Tony","twitter_card":"summary_large_image","twitter_misc":{"Verfasst von":"Tony","Gesch\u00e4tzte Lesezeit":"1\u00a0Minute"},"schema":{"@context":"https:\/\/schema.org","@graph":[{"@type":"Article","@id":"https:\/\/perfogroup.ch\/projet\/theatre-nouvelle-comedie-geneve\/#article","isPartOf":{"@id":"https:\/\/perfogroup.ch\/projet\/theatre-nouvelle-comedie-geneve\/"},"author":{"name":"Tony","@id":"https:\/\/perfogroup.ch\/#\/schema\/person\/863b0053dfca83a93dcdd8fcfba585d3"},"headline":"Th\u00e9\u00e2tre La Nouvelle Com\u00e9die, Gen\u00e8ve","datePublished":"2022-09-30T13:29:55+00:00","dateModified":"2025-07-02T15:38:42+00:00","mainEntityOfPage":{"@id":"https:\/\/perfogroup.ch\/projet\/theatre-nouvelle-comedie-geneve\/"},"wordCount":160,"publisher":{"@id":"https:\/\/perfogroup.ch\/#organization"},"image":{"@id":"https:\/\/perfogroup.ch\/projet\/theatre-nouvelle-comedie-geneve\/#primaryimage"},"thumbnailUrl":"https:\/\/perfogroup.ch\/wp-content\/uploads\/2022\/09\/perfogroup-nouvelle-comedie-main.jpg","keywords":["Th\u00e9\u00e2tre, cin\u00e9ma &amp; concert"],"articleSection":["projet"],"inLanguage":"de"},{"@type":"WebPage","@id":"https:\/\/perfogroup.ch\/projet\/theatre-nouvelle-comedie-geneve\/","url":"https:\/\/perfogroup.ch\/projet\/theatre-nouvelle-comedie-geneve\/","name":"Theater La Nouvelle Com\u00e9die, Genf","isPartOf":{"@id":"https:\/\/perfogroup.ch\/#website"},"primaryImageOfPage":{"@id":"https:\/\/perfogroup.ch\/projet\/theatre-nouvelle-comedie-geneve\/#primaryimage"},"image":{"@id":"https:\/\/perfogroup.ch\/projet\/theatre-nouvelle-comedie-geneve\/#primaryimage"},"thumbnailUrl":"https:\/\/perfogroup.ch\/wp-content\/uploads\/2022\/09\/perfogroup-nouvelle-comedie-main.jpg","datePublished":"2022-09-30T13:29:55+00:00","dateModified":"2025-07-02T15:38:42+00:00","inLanguage":"de","potentialAction":[{"@type":"ReadAction","target":["https:\/\/perfogroup.ch\/projet\/theatre-nouvelle-comedie-geneve\/"]}]},{"@type":"ImageObject","inLanguage":"de","@id":"https:\/\/perfogroup.ch\/projet\/theatre-nouvelle-comedie-geneve\/#primaryimage","url":"https:\/\/perfogroup.ch\/wp-content\/uploads\/2022\/09\/perfogroup-nouvelle-comedie-main.jpg","contentUrl":"https:\/\/perfogroup.ch\/wp-content\/uploads\/2022\/09\/perfogroup-nouvelle-comedie-main.jpg","width":1600,"height":1200,"caption":"Th\u00e9\u00e2tre La Nouvelle Com\u00e9die, Gen\u00e8ve"},{"@type":"WebSite","@id":"https:\/\/perfogroup.ch\/#website","url":"https:\/\/perfogroup.ch\/","name":"Perfogroup","description":"Globale L\u00f6sung","publisher":{"@id":"https:\/\/perfogroup.ch\/#organization"},"potentialAction":[{"@type":"SearchAction","target":{"@type":"EntryPoint","urlTemplate":"https:\/\/perfogroup.ch\/?s={search_term_string}"},"query-input":{"@type":"PropertyValueSpecification","valueRequired":true,"valueName":"search_term_string"}}],"inLanguage":"de"},{"@type":"Organization","@id":"https:\/\/perfogroup.ch\/#organization","name":"Perfogroup","alternateName":"Perfolux | Perfolight | Perfosound","url":"https:\/\/perfogroup.ch\/","logo":{"@type":"ImageObject","inLanguage":"de","@id":"https:\/\/perfogroup.ch\/#\/schema\/logo\/image\/","url":"https:\/\/perfogroup.ch\/wp-content\/uploads\/2020\/05\/Logo_PERFOGROUP.svg","contentUrl":"https:\/\/perfogroup.ch\/wp-content\/uploads\/2020\/05\/Logo_PERFOGROUP.svg","width":167,"height":34,"caption":"Perfogroup"},"image":{"@id":"https:\/\/perfogroup.ch\/#\/schema\/logo\/image\/"},"sameAs":["https:\/\/www.instagram.com\/perfogroup","https:\/\/www.linkedin.com\/company\/perfolux-sa"]},{"@type":"Person","@id":"https:\/\/perfogroup.ch\/#\/schema\/person\/863b0053dfca83a93dcdd8fcfba585d3","name":"Tony","image":{"@type":"ImageObject","inLanguage":"de","@id":"https:\/\/secure.gravatar.com\/avatar\/e00f7893de99afd6808a2f6b9460fdc17a343289183bc5ea258a92f4b99eafd2?s=96&d=mm&r=g","url":"https:\/\/secure.gravatar.com\/avatar\/e00f7893de99afd6808a2f6b9460fdc17a343289183bc5ea258a92f4b99eafd2?s=96&d=mm&r=g","contentUrl":"https:\/\/secure.gravatar.com\/avatar\/e00f7893de99afd6808a2f6b9460fdc17a343289183bc5ea258a92f4b99eafd2?s=96&d=mm&r=g","caption":"Tony"},"sameAs":["https:\/\/perfogroup.ch"]}]}},"_links":{"self":[{"href":"https:\/\/perfogroup.ch\/de\/wp-json\/wp\/v2\/posts\/2966","targetHints":{"allow":["GET"]}}],"collection":[{"href":"https:\/\/perfogroup.ch\/de\/wp-json\/wp\/v2\/posts"}],"about":[{"href":"https:\/\/perfogroup.ch\/de\/wp-json\/wp\/v2\/types\/post"}],"author":[{"embeddable":true,"href":"https:\/\/perfogroup.ch\/de\/wp-json\/wp\/v2\/users\/7"}],"replies":[{"embeddable":true,"href":"https:\/\/perfogroup.ch\/de\/wp-json\/wp\/v2\/comments?post=2966"}],"version-history":[{"count":186,"href":"https:\/\/perfogroup.ch\/de\/wp-json\/wp\/v2\/posts\/2966\/revisions"}],"predecessor-version":[{"id":12290,"href":"https:\/\/perfogroup.ch\/de\/wp-json\/wp\/v2\/posts\/2966\/revisions\/12290"}],"wp:featuredmedia":[{"embeddable":true,"href":"https:\/\/perfogroup.ch\/de\/wp-json\/wp\/v2\/media\/7439"}],"wp:attachment":[{"href":"https:\/\/perfogroup.ch\/de\/wp-json\/wp\/v2\/media?parent=2966"}],"wp:term":[{"taxonomy":"category","embeddable":true,"href":"https:\/\/perfogroup.ch\/de\/wp-json\/wp\/v2\/categories?post=2966"},{"taxonomy":"post_tag","embeddable":true,"href":"https:\/\/perfogroup.ch\/de\/wp-json\/wp\/v2\/tags?post=2966"},{"taxonomy":"categorie-blog","embeddable":true,"href":"https:\/\/perfogroup.ch\/de\/wp-json\/wp\/v2\/categorie-blog?post=2966"}],"curies":[{"name":"wp","href":"https:\/\/api.w.org\/{rel}","templated":true}]}}