{"id":13117,"date":"2026-04-30T09:16:14","date_gmt":"2026-04-30T07:16:14","guid":{"rendered":"https:\/\/perfogroup.ch\/?p=13117"},"modified":"2026-05-01T13:12:17","modified_gmt":"2026-05-01T11:12:17","slug":"nouveaux-bureaux-berne","status":"publish","type":"post","link":"https:\/\/perfogroup.ch\/de\/new\/nouveaux-bureaux-berne\/","title":{"rendered":"Neue B\u00fcros in Bern"},"content":{"rendered":"<div data-elementor-type=\"wp-post\" data-elementor-id=\"13117\" class=\"elementor elementor-13117\" data-elementor-post-type=\"post\">\n\t\t\t\t<section class=\"elementor-element elementor-element-4c07a02e e-flex e-con-boxed e-con e-parent\" data-id=\"4c07a02e\" data-element_type=\"container\" data-e-type=\"container\">\n\t\t\t\t\t<div class=\"e-con-inner\">\n\t\t<div class=\"elementor-element elementor-element-50f1dc5 e-con-full e-flex e-con e-child\" data-id=\"50f1dc5\" data-element_type=\"container\" data-e-type=\"container\" data-settings=\"{&quot;background_background&quot;:&quot;classic&quot;,&quot;animation&quot;:&quot;none&quot;}\">\n\t\t\t\t<div class=\"elementor-element elementor-element-4cbe2363 elementor-widget elementor-widget-heading\" data-id=\"4cbe2363\" data-element_type=\"widget\" data-e-type=\"widget\" data-widget_type=\"heading.default\">\n\t\t\t\t<div class=\"elementor-widget-container\">\n\t\t\t\t\t<h2 class=\"elementor-heading-title elementor-size-default\">Neue B\u00fcros in Bern<\/h2>\t\t\t\t<\/div>\n\t\t\t\t<\/div>\n\t\t\t\t<div class=\"elementor-element elementor-element-3dc4e2f7 elementor-widget elementor-widget-post-info\" data-id=\"3dc4e2f7\" data-element_type=\"widget\" data-e-type=\"widget\" data-widget_type=\"post-info.default\">\n\t\t\t\t<div class=\"elementor-widget-container\">\n\t\t\t\t\t\t\t<ul class=\"elementor-inline-items elementor-icon-list-items elementor-post-info\">\n\t\t\t\t\t\t\t\t<li class=\"elementor-icon-list-item elementor-repeater-item-1598dbd elementor-inline-item\" itemprop=\"datePublished\">\n\t\t\t\t\t\t<a href=\"https:\/\/perfogroup.ch\/de\/2026\/04\/30\/\">\n\t\t\t\t\t\t\t\t\t\t\t<span class=\"elementor-icon-list-icon\">\n\t\t\t\t\t\t\t\t<i aria-hidden=\"true\" class=\"fas fa-calendar\"><\/i>\t\t\t\t\t\t\t<\/span>\n\t\t\t\t\t\t\t\t\t<span class=\"elementor-icon-list-text elementor-post-info__item elementor-post-info__item--type-date\">\n\t\t\t\t\t\t\t\t\t\t<time>30 April 2026<\/time>\t\t\t\t\t<\/span>\n\t\t\t\t\t\t\t\t\t<\/a>\n\t\t\t\t<\/li>\n\t\t\t\t<\/ul>\n\t\t\t\t\t\t<\/div>\n\t\t\t\t<\/div>\n\t\t\t\t<div class=\"elementor-element elementor-element-57c9d3c4 elementor-share-buttons--skin-flat elementor-share-buttons--color-custom elementor-share-buttons--view-icon-text elementor-share-buttons--shape-square elementor-grid-0 elementor-widget elementor-widget-share-buttons\" data-id=\"57c9d3c4\" data-element_type=\"widget\" data-e-type=\"widget\" data-widget_type=\"share-buttons.default\">\n\t\t\t\t<div class=\"elementor-widget-container\">\n\t\t\t\t\t\t\t<div class=\"elementor-grid\" role=\"list\">\n\t\t\t\t\t\t\t\t<div class=\"elementor-grid-item\" role=\"listitem\">\n\t\t\t\t\t\t<div class=\"elementor-share-btn elementor-share-btn_facebook\" role=\"button\" tabindex=\"0\" aria-label=\"Partager sur facebook\">\n\t\t\t\t\t\t\t\t\t\t\t\t\t\t\t<span class=\"elementor-share-btn__icon\">\n\t\t\t\t\t\t\t\t<i class=\"fab fa-facebook\" aria-hidden=\"true\"><\/i>\t\t\t\t\t\t\t<\/span>\n\t\t\t\t\t\t\t\t\t\t\t\t\t\t\t\t\t\t\t\t\t\t<div class=\"elementor-share-btn__text\">\n\t\t\t\t\t\t\t\t\t\t\t\t\t\t\t\t\t\t\t<span class=\"elementor-share-btn__title\">\n\t\t\t\t\t\t\t\t\t\tFacebook\t\t\t\t\t\t\t\t\t<\/span>\n\t\t\t\t\t\t\t\t\t\t\t\t\t\t\t\t\t<\/div>\n\t\t\t\t\t\t\t\t\t\t\t\t\t<\/div>\n\t\t\t\t\t<\/div>\n\t\t\t\t\t\t\t\t\t<div class=\"elementor-grid-item\" role=\"listitem\">\n\t\t\t\t\t\t<div class=\"elementor-share-btn elementor-share-btn_x-twitter\" role=\"button\" tabindex=\"0\" aria-label=\"Partager sur x-twitter\">\n\t\t\t\t\t\t\t\t\t\t\t\t\t\t\t<span class=\"elementor-share-btn__icon\">\n\t\t\t\t\t\t\t\t<i class=\"fab fa-x-twitter\" aria-hidden=\"true\"><\/i>\t\t\t\t\t\t\t<\/span>\n\t\t\t\t\t\t\t\t\t\t\t\t\t\t\t\t\t\t\t\t\t\t<div class=\"elementor-share-btn__text\">\n\t\t\t\t\t\t\t\t\t\t\t\t\t\t\t\t\t\t\t<span class=\"elementor-share-btn__title\">\n\t\t\t\t\t\t\t\t\t\tX\t\t\t\t\t\t\t\t\t<\/span>\n\t\t\t\t\t\t\t\t\t\t\t\t\t\t\t\t\t<\/div>\n\t\t\t\t\t\t\t\t\t\t\t\t\t<\/div>\n\t\t\t\t\t<\/div>\n\t\t\t\t\t\t\t\t\t<div class=\"elementor-grid-item\" role=\"listitem\">\n\t\t\t\t\t\t<div class=\"elementor-share-btn elementor-share-btn_linkedin\" role=\"button\" tabindex=\"0\" aria-label=\"Partager sur linkedin\">\n\t\t\t\t\t\t\t\t\t\t\t\t\t\t\t<span class=\"elementor-share-btn__icon\">\n\t\t\t\t\t\t\t\t<i class=\"fab fa-linkedin\" aria-hidden=\"true\"><\/i>\t\t\t\t\t\t\t<\/span>\n\t\t\t\t\t\t\t\t\t\t\t\t\t\t\t\t\t\t\t\t\t\t<div class=\"elementor-share-btn__text\">\n\t\t\t\t\t\t\t\t\t\t\t\t\t\t\t\t\t\t\t<span class=\"elementor-share-btn__title\">\n\t\t\t\t\t\t\t\t\t\tLinkedIn\t\t\t\t\t\t\t\t\t<\/span>\n\t\t\t\t\t\t\t\t\t\t\t\t\t\t\t\t\t<\/div>\n\t\t\t\t\t\t\t\t\t\t\t\t\t<\/div>\n\t\t\t\t\t<\/div>\n\t\t\t\t\t\t<\/div>\n\t\t\t\t\t\t<\/div>\n\t\t\t\t<\/div>\n\t\t\t\t<div class=\"elementor-element elementor-element-6507b24f elementor-widget-divider--view-line elementor-widget elementor-widget-divider\" data-id=\"6507b24f\" data-element_type=\"widget\" data-e-type=\"widget\" data-widget_type=\"divider.default\">\n\t\t\t\t<div class=\"elementor-widget-container\">\n\t\t\t\t\t\t\t<div class=\"elementor-divider\">\n\t\t\t<span class=\"elementor-divider-separator\">\n\t\t\t\t\t\t<\/span>\n\t\t<\/div>\n\t\t\t\t\t\t<\/div>\n\t\t\t\t<\/div>\n\t\t\t\t<div class=\"elementor-element elementor-element-cb23fc1 elementor-widget elementor-widget-text-editor\" data-id=\"cb23fc1\" data-element_type=\"widget\" data-e-type=\"widget\" data-widget_type=\"text-editor.default\">\n\t\t\t\t<div class=\"elementor-widget-container\">\n\t\t\t\t\t\t\t\t\tPerfogroup verlegt seine deutschschweizer Niederlassung per 1. Mai nach Bern. Entdecken Sie unsere neue Adresse sowie unsere modernen B\u00fcros.\t\t\t\t\t\t\t\t<\/div>\n\t\t\t\t<\/div>\n\t\t\t\t<\/div>\n\t\t<div class=\"elementor-element elementor-element-34458238 e-con-full e-flex e-con e-child\" data-id=\"34458238\" data-element_type=\"container\" data-e-type=\"container\" data-settings=\"{&quot;background_background&quot;:&quot;classic&quot;,&quot;animation&quot;:&quot;none&quot;}\">\n\t\t\t\t<div class=\"elementor-element elementor-element-4b0b03d1 elementor-widget elementor-widget-image\" data-id=\"4b0b03d1\" data-element_type=\"widget\" data-e-type=\"widget\" data-widget_type=\"image.default\">\n\t\t\t\t<div class=\"elementor-widget-container\">\n\t\t\t\t\t\t\t\t\t\t\t\t\t\t\t<img fetchpriority=\"high\" decoding=\"async\" width=\"500\" height=\"500\" src=\"https:\/\/perfogroup.ch\/wp-content\/uploads\/2026\/04\/perfogroup-bureaux-main.jpg\" class=\"attachment-large size-large wp-image-13101\" alt=\"\" srcset=\"https:\/\/perfogroup.ch\/wp-content\/uploads\/2026\/04\/perfogroup-bureaux-main.jpg 500w, https:\/\/perfogroup.ch\/wp-content\/uploads\/2026\/04\/perfogroup-bureaux-main-300x300.jpg 300w, https:\/\/perfogroup.ch\/wp-content\/uploads\/2026\/04\/perfogroup-bureaux-main-150x150.jpg 150w, https:\/\/perfogroup.ch\/wp-content\/uploads\/2026\/04\/perfogroup-bureaux-main-12x12.jpg 12w, https:\/\/perfogroup.ch\/wp-content\/uploads\/2026\/04\/perfogroup-bureaux-main-200x200.jpg 200w, https:\/\/perfogroup.ch\/wp-content\/uploads\/2026\/04\/perfogroup-bureaux-main-100x100.jpg 100w\" sizes=\"(max-width: 500px) 100vw, 500px\" \/>\t\t\t\t\t\t\t\t\t\t\t\t\t\t\t<\/div>\n\t\t\t\t<\/div>\n\t\t\t\t<\/div>\n\t\t\t\t\t<\/div>\n\t\t\t\t<\/section>\n\t\t<section class=\"elementor-element elementor-element-47e9df40 e-flex e-con-boxed e-con e-parent\" data-id=\"47e9df40\" data-element_type=\"container\" data-e-type=\"container\">\n\t\t\t\t\t<div class=\"e-con-inner\">\n\t\t<div class=\"elementor-element elementor-element-73d8b653 e-con-full e-flex e-con e-child\" data-id=\"73d8b653\" data-element_type=\"container\" data-e-type=\"container\" data-settings=\"{&quot;background_background&quot;:&quot;classic&quot;,&quot;animation&quot;:&quot;none&quot;}\">\n\t\t\t\t<div class=\"elementor-element elementor-element-3c7b61d5 elementor-widget elementor-widget-heading\" data-id=\"3c7b61d5\" data-element_type=\"widget\" data-e-type=\"widget\" data-widget_type=\"heading.default\">\n\t\t\t\t<div class=\"elementor-widget-container\">\n\t\t\t\t\t<h2 class=\"elementor-heading-title elementor-size-default\">Neuer Schritt f\u00fcr Perfogroup<\/h2>\t\t\t\t<\/div>\n\t\t\t\t<\/div>\n\t\t\t\t<div class=\"elementor-element elementor-element-64f95586 elementor-widget elementor-widget-text-editor\" data-id=\"64f95586\" data-element_type=\"widget\" data-e-type=\"widget\" data-widget_type=\"text-editor.default\">\n\t\t\t\t<div class=\"elementor-widget-container\">\n\t\t\t\t\t\t\t\t\t<p data-start=\"211\" data-end=\"469\">Nous freuen uns, Ihnen den Umzug unserer deutschschweizer Niederlassung in den Kanton Bern per 1. Mai bekanntzugeben. Urspr\u00fcnglich in Urdorf (ZH) ans\u00e4ssig, empf\u00e4ngt Sie unser Team nun in neuen, modernen und funktionalen B\u00fcror\u00e4umlichkeiten.<\/p>\n<p data-start=\"471\" data-end=\"800\">An der Riedbachstrasse 97 in Bern gelegen, profitiert diese neue Adresse von einer strategischen Lage in unmittelbarer N\u00e4he der Autobahnausfahrt sowie des Westside-Areals. Die B\u00fcros sind zudem optimal an den \u00f6ffentlichen Verkehr angebunden, mit dem Bahnhof Bern Br\u00fcnnen Westside (Zug, Tram und Bus) nur wenige Minuten entfernt.<\/p>\n<p data-start=\"802\" data-end=\"1061\">Die neuen R\u00e4umlichkeiten bieten ein modernes, helles Arbeitsumfeld, das darauf ausgelegt ist, Zusammenarbeit und Leistung im Alltag zu f\u00f6rdern. Sie spiegeln unseren Anspruch wider, unseren Teams und Kunden ein Umfeld zu bieten, das unseren Ambitionen gerecht wird.<\/p>\n<p data-start=\"1063\" data-end=\"1299\">Unser Team in Bern steht Ihnen jederzeit gerne zur Verf\u00fcgung, um Sie bei Ihren Projekten zu begleiten und Ihre Anliegen mit Fachkompetenz und N\u00e4he zu betreuen. Wir freuen uns, Sie schon bald in unseren neuen B\u00fcror\u00e4umlichkeiten begr\u00fcssen zu d\u00fcrfen.<\/p>\n<p><a href=\"https:\/\/www.google.com\/maps\/place\/Perfolux+AG\/@46.944448,7.375867,5929m\/data=!3m1!1e3!4m6!3m5!1s0x47900c407db699d5:0x9214c55cfa5a9f9b!8m2!3d46.9444483!4d7.3758672!16s%2Fg%2F11hzvd93sd?hl=fr-FR&amp;entry=ttu&amp;g_ep=EgoyMDI2MDQyNi4wIKXMDSoASAFQAw%3D%3D\" target=\"_blank\" rel=\"noopener\"><span style=\"color: #4cb0fc;\">Auf Google Maps ansehen<\/span><\/a><\/p>\t\t\t\t\t\t\t\t<\/div>\n\t\t\t\t<\/div>\n\t\t\t\t<\/div>\n\t\t\t\t\t<\/div>\n\t\t\t\t<\/section>\n\t\t<div class=\"elementor-element elementor-element-5a08feb1 e-flex e-con-boxed e-con e-parent\" data-id=\"5a08feb1\" data-element_type=\"container\" data-e-type=\"container\">\n\t\t\t\t\t<div class=\"e-con-inner\">\n\t\t\t\t<div class=\"elementor-element elementor-element-63241a52 gallery-spacing-custom elementor-widget elementor-widget-image-gallery\" data-id=\"63241a52\" data-element_type=\"widget\" data-e-type=\"widget\" data-widget_type=\"image-gallery.default\">\n\t\t\t\t<div class=\"elementor-widget-container\">\n\t\t\t\t\t\t\t<div class=\"elementor-image-gallery\">\n\t\t\t\n<a data-elementor-open-lightbox=\"yes\" data-elementor-lightbox-slideshow=\"63241a52\" data-e-action-hash=\"#elementor-action%3Aaction%3Dlightbox%26settings%3DeyJpZCI6MTMwOTIsInVybCI6Imh0dHBzOlwvXC9wZXJmb2dyb3VwLmNoXC93cC1jb250ZW50XC91cGxvYWRzXC8yMDI2XC8wNFwvcGVyZm9ncm91cC1iZXJuLmpwZyIsInNsaWRlc2hvdyI6IjYzMjQxYTUyIn0%3D\" href='https:\/\/perfogroup.ch\/wp-content\/uploads\/2026\/04\/perfogroup-bern.jpg'><img decoding=\"async\" width=\"768\" height=\"576\" src=\"https:\/\/perfogroup.ch\/wp-content\/uploads\/2026\/04\/perfogroup-bern-768x576.jpg\" class=\"attachment-medium_large size-medium_large\" alt=\"\" srcset=\"https:\/\/perfogroup.ch\/wp-content\/uploads\/2026\/04\/perfogroup-bern-768x576.jpg 768w, https:\/\/perfogroup.ch\/wp-content\/uploads\/2026\/04\/perfogroup-bern-300x225.jpg 300w, https:\/\/perfogroup.ch\/wp-content\/uploads\/2026\/04\/perfogroup-bern-16x12.jpg 16w, https:\/\/perfogroup.ch\/wp-content\/uploads\/2026\/04\/perfogroup-bern-600x450.jpg 600w, https:\/\/perfogroup.ch\/wp-content\/uploads\/2026\/04\/perfogroup-bern.jpg 800w\" sizes=\"(max-width: 768px) 100vw, 768px\" \/><\/a>\n\t\t<\/div>\n\t\t\t\t\t\t<\/div>\n\t\t\t\t<\/div>\n\t\t\t\t\t<\/div>\n\t\t\t\t<\/div>\n\t\t<div class=\"elementor-element elementor-element-5526e733 e-flex e-con-boxed e-con e-parent\" data-id=\"5526e733\" data-element_type=\"container\" data-e-type=\"container\">\n\t\t\t\t\t<div class=\"e-con-inner\">\n\t\t<div class=\"elementor-element elementor-element-78bad85b e-con-full e-flex e-con e-child\" data-id=\"78bad85b\" data-element_type=\"container\" data-e-type=\"container\">\n\t\t\t\t<div class=\"elementor-element elementor-element-77991eb1 elementor-widget elementor-widget-heading\" data-id=\"77991eb1\" data-element_type=\"widget\" data-e-type=\"widget\" data-widget_type=\"heading.default\">\n\t\t\t\t<div class=\"elementor-widget-container\">\n\t\t\t\t\t<h2 class=\"elementor-heading-title elementor-size-default\">Folgende Beitr\u00e4ge k\u00f6nnten Sie ebenfalls interessieren<\/h2>\t\t\t\t<\/div>\n\t\t\t\t<\/div>\n\t\t\t\t<\/div>\n\t\t<div class=\"elementor-element elementor-element-7bea8a4 e-con-full e-flex e-con e-child\" data-id=\"7bea8a4\" data-element_type=\"container\" data-e-type=\"container\">\n\t\t\t\t<div class=\"elementor-element elementor-element-3b258f79 elementor-grid-3 elementor-grid-tablet-2 elementor-grid-mobile-1 elementor-posts--thumbnail-top elementor-card-shadow-yes elementor-posts__hover-gradient elementor-widget elementor-widget-posts\" data-id=\"3b258f79\" data-element_type=\"widget\" data-e-type=\"widget\" data-settings=\"{&quot;cards_columns&quot;:&quot;3&quot;,&quot;cards_columns_tablet&quot;:&quot;2&quot;,&quot;cards_columns_mobile&quot;:&quot;1&quot;,&quot;cards_row_gap&quot;:{&quot;unit&quot;:&quot;px&quot;,&quot;size&quot;:35,&quot;sizes&quot;:[]},&quot;cards_row_gap_tablet&quot;:{&quot;unit&quot;:&quot;px&quot;,&quot;size&quot;:&quot;&quot;,&quot;sizes&quot;:[]},&quot;cards_row_gap_mobile&quot;:{&quot;unit&quot;:&quot;px&quot;,&quot;size&quot;:&quot;&quot;,&quot;sizes&quot;:[]}}\" data-widget_type=\"posts.cards\">\n\t\t\t\t<div class=\"elementor-widget-container\">\n\t\t\t\t\t\t\t<div class=\"elementor-posts-container elementor-posts elementor-posts--skin-cards elementor-grid\" role=\"list\">\n\t\t\t\t<article class=\"elementor-post elementor-grid-item post-13117 post type-post status-publish format-standard has-post-thumbnail hentry category-new categorie-blog-vie-entreprise entry has-media owp-thumbs-layout-horizontal owp-btn-normal owp-tabs-layout-horizontal has-no-thumbnails has-product-nav\" role=\"listitem\">\n\t\t\t<div class=\"elementor-post__card\">\n\t\t\t\t<a class=\"elementor-post__thumbnail__link\" href=\"https:\/\/perfogroup.ch\/de\/new\/nouveaux-bureaux-berne\/\" tabindex=\"-1\" ><div class=\"elementor-post__thumbnail\"><img decoding=\"async\" width=\"300\" height=\"300\" src=\"https:\/\/perfogroup.ch\/wp-content\/uploads\/2026\/04\/perfogroup-bureaux-main-300x300.jpg\" class=\"attachment-medium size-medium wp-image-13101\" alt=\"\" srcset=\"https:\/\/perfogroup.ch\/wp-content\/uploads\/2026\/04\/perfogroup-bureaux-main-300x300.jpg 300w, https:\/\/perfogroup.ch\/wp-content\/uploads\/2026\/04\/perfogroup-bureaux-main-150x150.jpg 150w, https:\/\/perfogroup.ch\/wp-content\/uploads\/2026\/04\/perfogroup-bureaux-main-12x12.jpg 12w, https:\/\/perfogroup.ch\/wp-content\/uploads\/2026\/04\/perfogroup-bureaux-main-200x200.jpg 200w, https:\/\/perfogroup.ch\/wp-content\/uploads\/2026\/04\/perfogroup-bureaux-main-100x100.jpg 100w, https:\/\/perfogroup.ch\/wp-content\/uploads\/2026\/04\/perfogroup-bureaux-main.jpg 500w\" sizes=\"(max-width: 300px) 100vw, 300px\" \/><\/div><\/a>\n\t\t\t\t<div class=\"elementor-post__text\">\n\t\t\t\t<h3 class=\"elementor-post__title\">\n\t\t\t<a href=\"https:\/\/perfogroup.ch\/de\/new\/nouveaux-bureaux-berne\/\" >\n\t\t\t\tNeue B\u00fcros in Bern\t\t\t<\/a>\n\t\t<\/h3>\n\t\t\t\t<div class=\"elementor-post__excerpt\">\n\t\t\t<p>Perfogroup verlegt seine deutschschweizer Niederlassung per 1. Mai nach Bern. Entdecken Sie unsere neue Adresse sowie unsere modernen B\u00fcros.<\/p>\n\t\t<\/div>\n\t\t\t\t\t<div class=\"elementor-post__read-more-wrapper\">\n\t\t\n\t\t<a class=\"elementor-post__read-more\" href=\"https:\/\/perfogroup.ch\/de\/new\/nouveaux-bureaux-berne\/\" aria-label=\"Mehr \u00fcber Nouveaux bureaux \u00e0 Berne\" tabindex=\"-1\" >\n\t\t\tDen Beitrag lesen\t\t<\/a>\n\n\t\t\t\t\t<\/div>\n\t\t\t\t<\/div>\n\t\t\t\t<div class=\"elementor-post__meta-data\">\n\t\t\t\t\t<span class=\"elementor-post-date\">\n\t\t\t30 April 2026\t\t<\/span>\n\t\t\t\t<\/div>\n\t\t\t\t\t<\/div>\n\t\t<\/article>\n\t\t\t\t<article class=\"elementor-post elementor-grid-item post-12797 post type-post status-publish format-standard has-post-thumbnail hentry category-new categorie-blog-vie-entreprise entry has-media owp-thumbs-layout-horizontal owp-btn-normal owp-tabs-layout-horizontal has-no-thumbnails has-product-nav\" role=\"listitem\">\n\t\t\t<div class=\"elementor-post__card\">\n\t\t\t\t<a class=\"elementor-post__thumbnail__link\" href=\"https:\/\/perfogroup.ch\/de\/new\/catalogue-2026\/\" tabindex=\"-1\" ><div class=\"elementor-post__thumbnail\"><img loading=\"lazy\" decoding=\"async\" width=\"300\" height=\"300\" src=\"https:\/\/perfogroup.ch\/wp-content\/uploads\/2026\/02\/perfogroup-catalogue-main-300x300.jpg\" class=\"attachment-medium size-medium wp-image-12817\" alt=\"\" srcset=\"https:\/\/perfogroup.ch\/wp-content\/uploads\/2026\/02\/perfogroup-catalogue-main-300x300.jpg 300w, https:\/\/perfogroup.ch\/wp-content\/uploads\/2026\/02\/perfogroup-catalogue-main-150x150.jpg 150w, https:\/\/perfogroup.ch\/wp-content\/uploads\/2026\/02\/perfogroup-catalogue-main-12x12.jpg 12w, https:\/\/perfogroup.ch\/wp-content\/uploads\/2026\/02\/perfogroup-catalogue-main-200x200.jpg 200w, https:\/\/perfogroup.ch\/wp-content\/uploads\/2026\/02\/perfogroup-catalogue-main-100x100.jpg 100w, https:\/\/perfogroup.ch\/wp-content\/uploads\/2026\/02\/perfogroup-catalogue-main.jpg 500w\" sizes=\"(max-width: 300px) 100vw, 300px\" \/><\/div><\/a>\n\t\t\t\t<div class=\"elementor-post__text\">\n\t\t\t\t<h3 class=\"elementor-post__title\">\n\t\t\t<a href=\"https:\/\/perfogroup.ch\/de\/new\/catalogue-2026\/\" >\n\t\t\t\tNeuer Katalog 2026\t\t\t<\/a>\n\t\t<\/h3>\n\t\t\t\t<div class=\"elementor-post__excerpt\">\n\t\t\t<p>Entdecken Sie die Perfogroup Produktauswahl 2026: zuverl\u00e4ssige Notbeleuchtungs- und professionelle Beleuchtungsl\u00f6sungen, praxisgerecht und bew\u00e4hrt.<\/p>\n\t\t<\/div>\n\t\t\t\t\t<div class=\"elementor-post__read-more-wrapper\">\n\t\t\n\t\t<a class=\"elementor-post__read-more\" href=\"https:\/\/perfogroup.ch\/de\/new\/catalogue-2026\/\" aria-label=\"Mehr \u00fcber Nouveau catalogue 2026\" tabindex=\"-1\" >\n\t\t\tDen Beitrag lesen\t\t<\/a>\n\n\t\t\t\t\t<\/div>\n\t\t\t\t<\/div>\n\t\t\t\t<div class=\"elementor-post__meta-data\">\n\t\t\t\t\t<span class=\"elementor-post-date\">\n\t\t\t23 Februar 2026\t\t<\/span>\n\t\t\t\t<\/div>\n\t\t\t\t\t<\/div>\n\t\t<\/article>\n\t\t\t\t<article class=\"elementor-post elementor-grid-item post-12759 post type-post status-publish format-standard has-post-thumbnail hentry category-new categorie-blog-vie-entreprise entry has-media owp-thumbs-layout-horizontal owp-btn-normal owp-tabs-layout-horizontal has-no-thumbnails has-product-nav\" role=\"listitem\">\n\t\t\t<div class=\"elementor-post__card\">\n\t\t\t\t<a class=\"elementor-post__thumbnail__link\" href=\"https:\/\/perfogroup.ch\/de\/new\/evenement-perfogroup\/\" tabindex=\"-1\" ><div class=\"elementor-post__thumbnail\"><img loading=\"lazy\" decoding=\"async\" width=\"300\" height=\"300\" src=\"https:\/\/perfogroup.ch\/wp-content\/uploads\/2025\/12\/perfogroup-evenement-main-300x300.jpg\" class=\"attachment-medium size-medium wp-image-12776\" alt=\"\" srcset=\"https:\/\/perfogroup.ch\/wp-content\/uploads\/2025\/12\/perfogroup-evenement-main-300x300.jpg 300w, https:\/\/perfogroup.ch\/wp-content\/uploads\/2025\/12\/perfogroup-evenement-main-150x150.jpg 150w, https:\/\/perfogroup.ch\/wp-content\/uploads\/2025\/12\/perfogroup-evenement-main-12x12.jpg 12w, https:\/\/perfogroup.ch\/wp-content\/uploads\/2025\/12\/perfogroup-evenement-main-200x200.jpg 200w, https:\/\/perfogroup.ch\/wp-content\/uploads\/2025\/12\/perfogroup-evenement-main-100x100.jpg 100w, https:\/\/perfogroup.ch\/wp-content\/uploads\/2025\/12\/perfogroup-evenement-main.jpg 500w\" sizes=\"(max-width: 300px) 100vw, 300px\" \/><\/div><\/a>\n\t\t\t\t<div class=\"elementor-post__text\">\n\t\t\t\t<h3 class=\"elementor-post__title\">\n\t\t\t<a href=\"https:\/\/perfogroup.ch\/de\/new\/evenement-perfogroup\/\" >\n\t\t\t\tR\u00fcckblick auf die Jahresendveranstaltung\t\t\t<\/a>\n\t\t<\/h3>\n\t\t\t\t<div class=\"elementor-post__excerpt\">\n\t\t\t<p>Das Perfogroup-Team hat sich versammelt, um ein Jahr voller Projekte und Erfolge zu feiern. Unter dem Motto \u201eRed-Carpet-Gala\u201c bot diese Veranstaltung einen geselligen und unvergesslichen Moment.<\/p>\n\t\t<\/div>\n\t\t\t\t\t<div class=\"elementor-post__read-more-wrapper\">\n\t\t\n\t\t<a class=\"elementor-post__read-more\" href=\"https:\/\/perfogroup.ch\/de\/new\/evenement-perfogroup\/\" aria-label=\"Mehr \u00fcber Retour sur l\u2019\u00e9v\u00e9nement de fin d\u2019ann\u00e9e\" tabindex=\"-1\" >\n\t\t\tDen Beitrag lesen\t\t<\/a>\n\n\t\t\t\t\t<\/div>\n\t\t\t\t<\/div>\n\t\t\t\t<div class=\"elementor-post__meta-data\">\n\t\t\t\t\t<span class=\"elementor-post-date\">\n\t\t\t18 Dezember 2025\t\t<\/span>\n\t\t\t\t<\/div>\n\t\t\t\t\t<\/div>\n\t\t<\/article>\n\t\t\t\t<article class=\"elementor-post elementor-grid-item post-12611 post type-post status-publish format-standard has-post-thumbnail hentry category-new categorie-blog-vie-entreprise entry has-media owp-thumbs-layout-horizontal owp-btn-normal owp-tabs-layout-horizontal has-no-thumbnails has-product-nav\" role=\"listitem\">\n\t\t\t<div class=\"elementor-post__card\">\n\t\t\t\t<a class=\"elementor-post__thumbnail__link\" href=\"https:\/\/perfogroup.ch\/de\/new\/equipe-technique\/\" tabindex=\"-1\" ><div class=\"elementor-post__thumbnail\"><img loading=\"lazy\" decoding=\"async\" width=\"300\" height=\"300\" src=\"https:\/\/perfogroup.ch\/wp-content\/uploads\/2025\/10\/perfogroup-equipe-main-300x300.jpg\" class=\"attachment-medium size-medium wp-image-12613\" alt=\"\" srcset=\"https:\/\/perfogroup.ch\/wp-content\/uploads\/2025\/10\/perfogroup-equipe-main-300x300.jpg 300w, https:\/\/perfogroup.ch\/wp-content\/uploads\/2025\/10\/perfogroup-equipe-main-150x150.jpg 150w, https:\/\/perfogroup.ch\/wp-content\/uploads\/2025\/10\/perfogroup-equipe-main-12x12.jpg 12w, https:\/\/perfogroup.ch\/wp-content\/uploads\/2025\/10\/perfogroup-equipe-main-200x200.jpg 200w, https:\/\/perfogroup.ch\/wp-content\/uploads\/2025\/10\/perfogroup-equipe-main-100x100.jpg 100w, https:\/\/perfogroup.ch\/wp-content\/uploads\/2025\/10\/perfogroup-equipe-main.jpg 500w\" sizes=\"(max-width: 300px) 100vw, 300px\" \/><\/div><\/a>\n\t\t\t\t<div class=\"elementor-post__text\">\n\t\t\t\t<h3 class=\"elementor-post__title\">\n\t\t\t<a href=\"https:\/\/perfogroup.ch\/de\/new\/equipe-technique\/\" >\n\t\t\t\tEin vereintes und engagiertes Team\t\t\t<\/a>\n\t\t<\/h3>\n\t\t\t\t<div class=\"elementor-post__excerpt\">\n\t\t\t<p>Bei Perfogroup sorgen rund 30 eng verbundene Techniker schweizweit f\u00fcr Zuverl\u00e4ssigkeit und Spitzenleistung im Einsatz.<\/p>\n\t\t<\/div>\n\t\t\t\t\t<div class=\"elementor-post__read-more-wrapper\">\n\t\t\n\t\t<a class=\"elementor-post__read-more\" href=\"https:\/\/perfogroup.ch\/de\/new\/equipe-technique\/\" aria-label=\"Mehr \u00fcber Une \u00e9quipe soud\u00e9e et engag\u00e9e\" tabindex=\"-1\" >\n\t\t\tDen Beitrag lesen\t\t<\/a>\n\n\t\t\t\t\t<\/div>\n\t\t\t\t<\/div>\n\t\t\t\t<div class=\"elementor-post__meta-data\">\n\t\t\t\t\t<span class=\"elementor-post-date\">\n\t\t\t16 Oktober 2025\t\t<\/span>\n\t\t\t\t<\/div>\n\t\t\t\t\t<\/div>\n\t\t<\/article>\n\t\t\t\t<article class=\"elementor-post elementor-grid-item post-12483 post type-post status-publish format-standard has-post-thumbnail hentry category-new categorie-blog-vie-entreprise entry has-media owp-thumbs-layout-horizontal owp-btn-normal owp-tabs-layout-horizontal has-no-thumbnails has-product-nav\" role=\"listitem\">\n\t\t\t<div class=\"elementor-post__card\">\n\t\t\t\t<a class=\"elementor-post__thumbnail__link\" href=\"https:\/\/perfogroup.ch\/de\/new\/coulisses-52-minutes\/\" tabindex=\"-1\" ><div class=\"elementor-post__thumbnail\"><img loading=\"lazy\" decoding=\"async\" width=\"300\" height=\"300\" src=\"https:\/\/perfogroup.ch\/wp-content\/uploads\/2025\/09\/perfogroup-coulisses-52-minutes-main-300x300.jpg\" class=\"attachment-medium size-medium wp-image-12485\" alt=\"\" srcset=\"https:\/\/perfogroup.ch\/wp-content\/uploads\/2025\/09\/perfogroup-coulisses-52-minutes-main-300x300.jpg 300w, https:\/\/perfogroup.ch\/wp-content\/uploads\/2025\/09\/perfogroup-coulisses-52-minutes-main-150x150.jpg 150w, https:\/\/perfogroup.ch\/wp-content\/uploads\/2025\/09\/perfogroup-coulisses-52-minutes-main-12x12.jpg 12w, https:\/\/perfogroup.ch\/wp-content\/uploads\/2025\/09\/perfogroup-coulisses-52-minutes-main-200x200.jpg 200w, https:\/\/perfogroup.ch\/wp-content\/uploads\/2025\/09\/perfogroup-coulisses-52-minutes-main-100x100.jpg 100w, https:\/\/perfogroup.ch\/wp-content\/uploads\/2025\/09\/perfogroup-coulisses-52-minutes-main.jpg 500w\" sizes=\"(max-width: 300px) 100vw, 300px\" \/><\/div><\/a>\n\t\t\t\t<div class=\"elementor-post__text\">\n\t\t\t\t<h3 class=\"elementor-post__title\">\n\t\t\t<a href=\"https:\/\/perfogroup.ch\/de\/new\/coulisses-52-minutes\/\" >\n\t\t\t\tHinter den Kulissen mit 52 Minuten!\t\t\t<\/a>\n\t\t<\/h3>\n\t\t\t\t<div class=\"elementor-post__excerpt\">\n\t\t\t<p>Perfogroup hatte das Vergn\u00fcgen, das Team der RTS-Sendung 52 Minuten an seinem Hauptsitz in Cugy f\u00fcr die Aufnahme eines immersiven Sketches zu empfangen.<\/p>\n\t\t<\/div>\n\t\t\t\t\t<div class=\"elementor-post__read-more-wrapper\">\n\t\t\n\t\t<a class=\"elementor-post__read-more\" href=\"https:\/\/perfogroup.ch\/de\/new\/coulisses-52-minutes\/\" aria-label=\"Mehr \u00fcber Dans les coulisses avec 52 minutes !\" tabindex=\"-1\" >\n\t\t\tDen Beitrag lesen\t\t<\/a>\n\n\t\t\t\t\t<\/div>\n\t\t\t\t<\/div>\n\t\t\t\t<div class=\"elementor-post__meta-data\">\n\t\t\t\t\t<span class=\"elementor-post-date\">\n\t\t\t1 Oktober 2025\t\t<\/span>\n\t\t\t\t<\/div>\n\t\t\t\t\t<\/div>\n\t\t<\/article>\n\t\t\t\t<article class=\"elementor-post elementor-grid-item post-12363 post type-post status-publish format-standard has-post-thumbnail hentry category-new categorie-blog-vie-entreprise entry has-media owp-thumbs-layout-horizontal owp-btn-normal owp-tabs-layout-horizontal has-no-thumbnails has-product-nav\" role=\"listitem\">\n\t\t\t<div class=\"elementor-post__card\">\n\t\t\t\t<a class=\"elementor-post__thumbnail__link\" href=\"https:\/\/perfogroup.ch\/de\/new\/arnaud-magnin\/\" tabindex=\"-1\" ><div class=\"elementor-post__thumbnail\"><img loading=\"lazy\" decoding=\"async\" width=\"300\" height=\"300\" src=\"https:\/\/perfogroup.ch\/wp-content\/uploads\/2025\/08\/perfogroup-arnaud-magnin-main-1-300x300.jpg\" class=\"attachment-medium size-medium wp-image-12497\" alt=\"\" srcset=\"https:\/\/perfogroup.ch\/wp-content\/uploads\/2025\/08\/perfogroup-arnaud-magnin-main-1-300x300.jpg 300w, https:\/\/perfogroup.ch\/wp-content\/uploads\/2025\/08\/perfogroup-arnaud-magnin-main-1-150x150.jpg 150w, https:\/\/perfogroup.ch\/wp-content\/uploads\/2025\/08\/perfogroup-arnaud-magnin-main-1-12x12.jpg 12w, https:\/\/perfogroup.ch\/wp-content\/uploads\/2025\/08\/perfogroup-arnaud-magnin-main-1-200x200.jpg 200w, https:\/\/perfogroup.ch\/wp-content\/uploads\/2025\/08\/perfogroup-arnaud-magnin-main-1-100x100.jpg 100w, https:\/\/perfogroup.ch\/wp-content\/uploads\/2025\/08\/perfogroup-arnaud-magnin-main-1.jpg 500w\" sizes=\"(max-width: 300px) 100vw, 300px\" \/><\/div><\/a>\n\t\t\t\t<div class=\"elementor-post__text\">\n\t\t\t\t<h3 class=\"elementor-post__title\">\n\t\t\t<a href=\"https:\/\/perfogroup.ch\/de\/new\/arnaud-magnin\/\" >\n\t\t\t\tArnaud Magnin, Planung im Dienste der Sicherheit\t\t\t<\/a>\n\t\t<\/h3>\n\t\t\t\t<div class=\"elementor-post__excerpt\">\n\t\t\t<p>Gespr\u00e4ch mit Arnaud Magnin, der die zentrale Bedeutung der Planung bei Projekten f\u00fcr Notbeleuchtung, Rauch- und W\u00e4rmeabzug sowie Evakuierungsbeschallung hervorhebt.<\/p>\n\t\t<\/div>\n\t\t\t\t\t<div class=\"elementor-post__read-more-wrapper\">\n\t\t\n\t\t<a class=\"elementor-post__read-more\" href=\"https:\/\/perfogroup.ch\/de\/new\/arnaud-magnin\/\" aria-label=\"Mehr \u00fcber Arnaud Magnin, la planification au service de la s\u00e9curit\u00e9\" tabindex=\"-1\" >\n\t\t\tDen Beitrag lesen\t\t<\/a>\n\n\t\t\t\t\t<\/div>\n\t\t\t\t<\/div>\n\t\t\t\t<div class=\"elementor-post__meta-data\">\n\t\t\t\t\t<span class=\"elementor-post-date\">\n\t\t\t22 August 2025\t\t<\/span>\n\t\t\t\t<\/div>\n\t\t\t\t\t<\/div>\n\t\t<\/article>\n\t\t\t\t<\/div>\n\t\t\n\t\t\t\t\t\t<\/div>\n\t\t\t\t<\/div>\n\t\t\t\t<\/div>\n\t\t\t\t\t<\/div>\n\t\t\t\t<\/div>\n\t\t\t\t<section class=\"elementor-section elementor-top-section elementor-element elementor-element-3fda48e elementor-section-content-middle elementor-section-height-min-height elementor-section-boxed elementor-section-height-default elementor-section-items-middle\" data-id=\"3fda48e\" data-element_type=\"section\" data-e-type=\"section\" data-settings=\"{&quot;background_background&quot;:&quot;classic&quot;}\">\n\t\t\t\t\t\t\t<div class=\"elementor-background-overlay\"><\/div>\n\t\t\t\t\t\t\t<div class=\"elementor-container elementor-column-gap-wider\">\n\t\t\t\t\t<div class=\"elementor-column elementor-col-100 elementor-top-column elementor-element elementor-element-365adfc\" data-id=\"365adfc\" data-element_type=\"column\" data-e-type=\"column\">\n\t\t\t<div class=\"elementor-widget-wrap elementor-element-populated\">\n\t\t\t\t\t\t<div class=\"elementor-element elementor-element-36f8ea7 elementor-widget elementor-widget-heading\" data-id=\"36f8ea7\" data-element_type=\"widget\" data-e-type=\"widget\" data-widget_type=\"heading.default\">\n\t\t\t\t<div class=\"elementor-widget-container\">\n\t\t\t\t\t<h3 class=\"elementor-heading-title elementor-size-default\">Lust, sich uns anzuschliessen?<\/h3>\t\t\t\t<\/div>\n\t\t\t\t<\/div>\n\t\t\t\t<div class=\"elementor-element elementor-element-df1f67b elementor-widget elementor-widget-text-editor\" data-id=\"df1f67b\" data-element_type=\"widget\" data-e-type=\"widget\" data-widget_type=\"text-editor.default\">\n\t\t\t\t<div class=\"elementor-widget-container\">\n\t\t\t\t\t\t\t\t\t<p><span data-sheets-value=\"{&quot;1&quot;:2,&quot;2&quot;:&quot;D\u00e9couvrez les tendances actuelles&quot;}\" data-sheets-userformat=\"{&quot;2&quot;:897,&quot;3&quot;:{&quot;1&quot;:0},&quot;10&quot;:0,&quot;11&quot;:4,&quot;12&quot;:0}\">Entdecken Sie unsere Stellenangebote<\/span><\/p>\t\t\t\t\t\t\t\t<\/div>\n\t\t\t\t<\/div>\n\t\t\t\t<div class=\"elementor-element elementor-element-410c3f5 elementor-button-info elementor-align-center elementor-widget elementor-widget-button\" data-id=\"410c3f5\" data-element_type=\"widget\" data-e-type=\"widget\" data-widget_type=\"button.default\">\n\t\t\t\t<div class=\"elementor-widget-container\">\n\t\t\t\t\t\t\t\t\t<div class=\"elementor-button-wrapper\">\n\t\t\t\t\t<a class=\"elementor-button elementor-button-link elementor-size-lg\" href=\"https:\/\/www.johdi.ch\/companies\/perfogroup\/summary\" target=\"_blank\">\n\t\t\t\t\t\t<span class=\"elementor-button-content-wrapper\">\n\t\t\t\t\t\t\t\t\t<span class=\"elementor-button-text\">Stellenangebote entdecken<\/span>\n\t\t\t\t\t<\/span>\n\t\t\t\t\t<\/a>\n\t\t\t\t<\/div>\n\t\t\t\t\t\t\t\t<\/div>\n\t\t\t\t<\/div>\n\t\t\t\t\t<\/div>\n\t\t<\/div>\n\t\t\t\t\t<\/div>\n\t\t<\/section>\n\t\t\t\t<\/div>","protected":false},"excerpt":{"rendered":"<p>Perfogroup verlegt seine deutschschweizer Niederlassung per 1. Mai nach Bern. Entdecken Sie unsere neue Adresse sowie unsere modernen B\u00fcros.<\/p>","protected":false},"author":7,"featured_media":13101,"comment_status":"closed","ping_status":"open","sticky":false,"template":"elementor_header_footer","format":"standard","meta":{"_acf_changed":false,"ocean_post_layout":"","ocean_both_sidebars_style":"","ocean_both_sidebars_content_width":0,"ocean_both_sidebars_sidebars_width":0,"ocean_sidebar":"","ocean_second_sidebar":"","ocean_disable_margins":"enable","ocean_add_body_class":"","ocean_shortcode_before_top_bar":"","ocean_shortcode_after_top_bar":"","ocean_shortcode_before_header":"","ocean_shortcode_after_header":"","ocean_has_shortcode":"","ocean_shortcode_after_title":"","ocean_shortcode_before_footer_widgets":"","ocean_shortcode_after_footer_widgets":"","ocean_shortcode_before_footer_bottom":"","ocean_shortcode_after_footer_bottom":"","ocean_display_top_bar":"default","ocean_display_header":"default","ocean_header_style":"","ocean_center_header_left_menu":"","ocean_custom_header_template":"","ocean_custom_logo":0,"ocean_custom_retina_logo":0,"ocean_custom_logo_max_width":0,"ocean_custom_logo_tablet_max_width":0,"ocean_custom_logo_mobile_max_width":0,"ocean_custom_logo_max_height":0,"ocean_custom_logo_tablet_max_height":0,"ocean_custom_logo_mobile_max_height":0,"ocean_header_custom_menu":"","ocean_menu_typo_font_family":"","ocean_menu_typo_font_subset":"","ocean_menu_typo_font_size":0,"ocean_menu_typo_font_size_tablet":0,"ocean_menu_typo_font_size_mobile":0,"ocean_menu_typo_font_size_unit":"px","ocean_menu_typo_font_weight":"","ocean_menu_typo_font_weight_tablet":"","ocean_menu_typo_font_weight_mobile":"","ocean_menu_typo_transform":"","ocean_menu_typo_transform_tablet":"","ocean_menu_typo_transform_mobile":"","ocean_menu_typo_line_height":0,"ocean_menu_typo_line_height_tablet":0,"ocean_menu_typo_line_height_mobile":0,"ocean_menu_typo_line_height_unit":"","ocean_menu_typo_spacing":0,"ocean_menu_typo_spacing_tablet":0,"ocean_menu_typo_spacing_mobile":0,"ocean_menu_typo_spacing_unit":"","ocean_menu_link_color":"","ocean_menu_link_color_hover":"","ocean_menu_link_color_active":"","ocean_menu_link_background":"","ocean_menu_link_hover_background":"","ocean_menu_link_active_background":"","ocean_menu_social_links_bg":"","ocean_menu_social_hover_links_bg":"","ocean_menu_social_links_color":"","ocean_menu_social_hover_links_color":"","ocean_disable_title":"default","ocean_disable_heading":"default","ocean_post_title":"","ocean_post_subheading":"","ocean_post_title_style":"","ocean_post_title_background_color":"","ocean_post_title_background":0,"ocean_post_title_bg_image_position":"","ocean_post_title_bg_image_attachment":"","ocean_post_title_bg_image_repeat":"","ocean_post_title_bg_image_size":"","ocean_post_title_height":0,"ocean_post_title_bg_overlay":0.5,"ocean_post_title_bg_overlay_color":"","ocean_disable_breadcrumbs":"default","ocean_breadcrumbs_color":"","ocean_breadcrumbs_separator_color":"","ocean_breadcrumbs_links_color":"","ocean_breadcrumbs_links_hover_color":"","ocean_display_footer_widgets":"default","ocean_display_footer_bottom":"default","ocean_custom_footer_template":"","ocean_post_oembed":"","ocean_post_self_hosted_media":"","ocean_post_video_embed":"","ocean_link_format":"","ocean_link_format_target":"self","ocean_quote_format":"","ocean_quote_format_link":"post","ocean_gallery_link_images":"on","ocean_gallery_id":[],"footnotes":""},"categories":[182],"tags":[],"categorie-blog":[181],"class_list":["post-13117","post","type-post","status-publish","format-standard","has-post-thumbnail","hentry","category-new","categorie-blog-vie-entreprise","entry","has-media","owp-thumbs-layout-horizontal","owp-btn-normal","owp-tabs-layout-horizontal","has-no-thumbnails","has-product-nav"],"acf":[],"yoast_head":"<!-- This site is optimized with the Yoast SEO Premium plugin v21.9 (Yoast SEO v27.5) - https:\/\/yoast.com\/product\/yoast-seo-premium-wordpress\/ -->\n<title>Nouveaux bureaux \u00e0 Berne<\/title>\n<meta name=\"robots\" content=\"noindex, follow\" \/>\n<meta property=\"og:locale\" content=\"de_DE\" \/>\n<meta property=\"og:type\" content=\"article\" \/>\n<meta property=\"og:title\" content=\"Nouveaux bureaux \u00e0 Berne\" \/>\n<meta property=\"og:description\" content=\"Perfogroup d\u00e9m\u00e9nage sa succursale suisse al\u00e9manique \u00e0 Berne d\u00e8s le 1er mai. D\u00e9couvrez notre nouvelle adresse ainsi que nos bureaux modernes.\" \/>\n<meta property=\"og:url\" content=\"https:\/\/perfogroup.ch\/de\/new\/nouveaux-bureaux-berne\/\" \/>\n<meta property=\"og:site_name\" content=\"Perfogroup\" \/>\n<meta property=\"article:published_time\" content=\"2026-04-30T07:16:14+00:00\" \/>\n<meta property=\"article:modified_time\" content=\"2026-05-01T11:12:17+00:00\" \/>\n<meta property=\"og:image\" content=\"https:\/\/perfogroup.ch\/wp-content\/uploads\/2026\/04\/perfogroup-bureaux-main.jpg\" \/>\n\t<meta property=\"og:image:width\" content=\"500\" \/>\n\t<meta property=\"og:image:height\" content=\"500\" \/>\n\t<meta property=\"og:image:type\" content=\"image\/jpeg\" \/>\n<meta name=\"author\" content=\"Tony\" \/>\n<meta name=\"twitter:card\" content=\"summary_large_image\" \/>\n<meta name=\"twitter:label1\" content=\"Verfasst von\" \/>\n\t<meta name=\"twitter:data1\" content=\"Tony\" \/>\n\t<meta name=\"twitter:label2\" content=\"Gesch\u00e4tzte Lesezeit\" \/>\n\t<meta name=\"twitter:data2\" content=\"1\u00a0Minute\" \/>\n<script type=\"application\/ld+json\" class=\"yoast-schema-graph\">{\"@context\":\"https:\\\/\\\/schema.org\",\"@graph\":[{\"@type\":\"Article\",\"@id\":\"https:\\\/\\\/perfogroup.ch\\\/new\\\/nouveaux-bureaux-berne\\\/#article\",\"isPartOf\":{\"@id\":\"https:\\\/\\\/perfogroup.ch\\\/new\\\/nouveaux-bureaux-berne\\\/\"},\"author\":{\"name\":\"Tony\",\"@id\":\"https:\\\/\\\/perfogroup.ch\\\/#\\\/schema\\\/person\\\/863b0053dfca83a93dcdd8fcfba585d3\"},\"headline\":\"Nouveaux bureaux \u00e0 Berne\",\"datePublished\":\"2026-04-30T07:16:14+00:00\",\"dateModified\":\"2026-05-01T11:12:17+00:00\",\"mainEntityOfPage\":{\"@id\":\"https:\\\/\\\/perfogroup.ch\\\/new\\\/nouveaux-bureaux-berne\\\/\"},\"wordCount\":211,\"publisher\":{\"@id\":\"https:\\\/\\\/perfogroup.ch\\\/#organization\"},\"image\":{\"@id\":\"https:\\\/\\\/perfogroup.ch\\\/new\\\/nouveaux-bureaux-berne\\\/#primaryimage\"},\"thumbnailUrl\":\"https:\\\/\\\/perfogroup.ch\\\/wp-content\\\/uploads\\\/2026\\\/04\\\/perfogroup-bureaux-main.jpg\",\"articleSection\":[\"new\"],\"inLanguage\":\"de\"},{\"@type\":\"WebPage\",\"@id\":\"https:\\\/\\\/perfogroup.ch\\\/new\\\/nouveaux-bureaux-berne\\\/\",\"url\":\"https:\\\/\\\/perfogroup.ch\\\/new\\\/nouveaux-bureaux-berne\\\/\",\"name\":\"Nouveaux bureaux \u00e0 Berne\",\"isPartOf\":{\"@id\":\"https:\\\/\\\/perfogroup.ch\\\/#website\"},\"primaryImageOfPage\":{\"@id\":\"https:\\\/\\\/perfogroup.ch\\\/new\\\/nouveaux-bureaux-berne\\\/#primaryimage\"},\"image\":{\"@id\":\"https:\\\/\\\/perfogroup.ch\\\/new\\\/nouveaux-bureaux-berne\\\/#primaryimage\"},\"thumbnailUrl\":\"https:\\\/\\\/perfogroup.ch\\\/wp-content\\\/uploads\\\/2026\\\/04\\\/perfogroup-bureaux-main.jpg\",\"datePublished\":\"2026-04-30T07:16:14+00:00\",\"dateModified\":\"2026-05-01T11:12:17+00:00\",\"inLanguage\":\"de\",\"potentialAction\":[{\"@type\":\"ReadAction\",\"target\":[\"https:\\\/\\\/perfogroup.ch\\\/new\\\/nouveaux-bureaux-berne\\\/\"]}]},{\"@type\":\"ImageObject\",\"inLanguage\":\"de\",\"@id\":\"https:\\\/\\\/perfogroup.ch\\\/new\\\/nouveaux-bureaux-berne\\\/#primaryimage\",\"url\":\"https:\\\/\\\/perfogroup.ch\\\/wp-content\\\/uploads\\\/2026\\\/04\\\/perfogroup-bureaux-main.jpg\",\"contentUrl\":\"https:\\\/\\\/perfogroup.ch\\\/wp-content\\\/uploads\\\/2026\\\/04\\\/perfogroup-bureaux-main.jpg\",\"width\":500,\"height\":500},{\"@type\":\"WebSite\",\"@id\":\"https:\\\/\\\/perfogroup.ch\\\/#website\",\"url\":\"https:\\\/\\\/perfogroup.ch\\\/\",\"name\":\"Perfogroup\",\"description\":\"Global solution\",\"publisher\":{\"@id\":\"https:\\\/\\\/perfogroup.ch\\\/#organization\"},\"potentialAction\":[{\"@type\":\"SearchAction\",\"target\":{\"@type\":\"EntryPoint\",\"urlTemplate\":\"https:\\\/\\\/perfogroup.ch\\\/?s={search_term_string}\"},\"query-input\":{\"@type\":\"PropertyValueSpecification\",\"valueRequired\":true,\"valueName\":\"search_term_string\"}}],\"inLanguage\":\"de\"},{\"@type\":\"Organization\",\"@id\":\"https:\\\/\\\/perfogroup.ch\\\/#organization\",\"name\":\"Perfogroup\",\"alternateName\":\"Perfolux | Perfolight | Perfosound\",\"url\":\"https:\\\/\\\/perfogroup.ch\\\/\",\"logo\":{\"@type\":\"ImageObject\",\"inLanguage\":\"de\",\"@id\":\"https:\\\/\\\/perfogroup.ch\\\/#\\\/schema\\\/logo\\\/image\\\/\",\"url\":\"https:\\\/\\\/perfogroup.ch\\\/wp-content\\\/uploads\\\/2020\\\/05\\\/Logo_PERFOGROUP.svg\",\"contentUrl\":\"https:\\\/\\\/perfogroup.ch\\\/wp-content\\\/uploads\\\/2020\\\/05\\\/Logo_PERFOGROUP.svg\",\"width\":167,\"height\":34,\"caption\":\"Perfogroup\"},\"image\":{\"@id\":\"https:\\\/\\\/perfogroup.ch\\\/#\\\/schema\\\/logo\\\/image\\\/\"},\"sameAs\":[\"https:\\\/\\\/www.instagram.com\\\/perfogroup\",\"https:\\\/\\\/www.linkedin.com\\\/company\\\/perfolux-sa\"]},{\"@type\":\"Person\",\"@id\":\"https:\\\/\\\/perfogroup.ch\\\/#\\\/schema\\\/person\\\/863b0053dfca83a93dcdd8fcfba585d3\",\"name\":\"Tony\",\"image\":{\"@type\":\"ImageObject\",\"inLanguage\":\"de\",\"@id\":\"https:\\\/\\\/secure.gravatar.com\\\/avatar\\\/e00f7893de99afd6808a2f6b9460fdc17a343289183bc5ea258a92f4b99eafd2?s=96&d=mm&r=g\",\"url\":\"https:\\\/\\\/secure.gravatar.com\\\/avatar\\\/e00f7893de99afd6808a2f6b9460fdc17a343289183bc5ea258a92f4b99eafd2?s=96&d=mm&r=g\",\"contentUrl\":\"https:\\\/\\\/secure.gravatar.com\\\/avatar\\\/e00f7893de99afd6808a2f6b9460fdc17a343289183bc5ea258a92f4b99eafd2?s=96&d=mm&r=g\",\"caption\":\"Tony\"},\"sameAs\":[\"https:\\\/\\\/perfogroup.ch\"]}]}<\/script>\n<!-- \/ Yoast SEO Premium plugin. -->","yoast_head_json":{"title":"Neue B\u00fcros in Bern","robots":{"index":"noindex","follow":"follow"},"og_locale":"de_DE","og_type":"article","og_title":"Nouveaux bureaux \u00e0 Berne","og_description":"Perfogroup d\u00e9m\u00e9nage sa succursale suisse al\u00e9manique \u00e0 Berne d\u00e8s le 1er mai. D\u00e9couvrez notre nouvelle adresse ainsi que nos bureaux modernes.","og_url":"https:\/\/perfogroup.ch\/de\/new\/nouveaux-bureaux-berne\/","og_site_name":"Perfogroup","article_published_time":"2026-04-30T07:16:14+00:00","article_modified_time":"2026-05-01T11:12:17+00:00","og_image":[{"width":500,"height":500,"url":"https:\/\/perfogroup.ch\/wp-content\/uploads\/2026\/04\/perfogroup-bureaux-main.jpg","type":"image\/jpeg"}],"author":"Tony","twitter_card":"summary_large_image","twitter_misc":{"Verfasst von":"Tony","Gesch\u00e4tzte Lesezeit":"1\u00a0Minute"},"schema":{"@context":"https:\/\/schema.org","@graph":[{"@type":"Article","@id":"https:\/\/perfogroup.ch\/new\/nouveaux-bureaux-berne\/#article","isPartOf":{"@id":"https:\/\/perfogroup.ch\/new\/nouveaux-bureaux-berne\/"},"author":{"name":"Tony","@id":"https:\/\/perfogroup.ch\/#\/schema\/person\/863b0053dfca83a93dcdd8fcfba585d3"},"headline":"Nouveaux bureaux \u00e0 Berne","datePublished":"2026-04-30T07:16:14+00:00","dateModified":"2026-05-01T11:12:17+00:00","mainEntityOfPage":{"@id":"https:\/\/perfogroup.ch\/new\/nouveaux-bureaux-berne\/"},"wordCount":211,"publisher":{"@id":"https:\/\/perfogroup.ch\/#organization"},"image":{"@id":"https:\/\/perfogroup.ch\/new\/nouveaux-bureaux-berne\/#primaryimage"},"thumbnailUrl":"https:\/\/perfogroup.ch\/wp-content\/uploads\/2026\/04\/perfogroup-bureaux-main.jpg","articleSection":["new"],"inLanguage":"de"},{"@type":"WebPage","@id":"https:\/\/perfogroup.ch\/new\/nouveaux-bureaux-berne\/","url":"https:\/\/perfogroup.ch\/new\/nouveaux-bureaux-berne\/","name":"Neue B\u00fcros in Bern","isPartOf":{"@id":"https:\/\/perfogroup.ch\/#website"},"primaryImageOfPage":{"@id":"https:\/\/perfogroup.ch\/new\/nouveaux-bureaux-berne\/#primaryimage"},"image":{"@id":"https:\/\/perfogroup.ch\/new\/nouveaux-bureaux-berne\/#primaryimage"},"thumbnailUrl":"https:\/\/perfogroup.ch\/wp-content\/uploads\/2026\/04\/perfogroup-bureaux-main.jpg","datePublished":"2026-04-30T07:16:14+00:00","dateModified":"2026-05-01T11:12:17+00:00","inLanguage":"de","potentialAction":[{"@type":"ReadAction","target":["https:\/\/perfogroup.ch\/new\/nouveaux-bureaux-berne\/"]}]},{"@type":"ImageObject","inLanguage":"de","@id":"https:\/\/perfogroup.ch\/new\/nouveaux-bureaux-berne\/#primaryimage","url":"https:\/\/perfogroup.ch\/wp-content\/uploads\/2026\/04\/perfogroup-bureaux-main.jpg","contentUrl":"https:\/\/perfogroup.ch\/wp-content\/uploads\/2026\/04\/perfogroup-bureaux-main.jpg","width":500,"height":500},{"@type":"WebSite","@id":"https:\/\/perfogroup.ch\/#website","url":"https:\/\/perfogroup.ch\/","name":"Perfogroup","description":"Globale L\u00f6sung","publisher":{"@id":"https:\/\/perfogroup.ch\/#organization"},"potentialAction":[{"@type":"SearchAction","target":{"@type":"EntryPoint","urlTemplate":"https:\/\/perfogroup.ch\/?s={search_term_string}"},"query-input":{"@type":"PropertyValueSpecification","valueRequired":true,"valueName":"search_term_string"}}],"inLanguage":"de"},{"@type":"Organization","@id":"https:\/\/perfogroup.ch\/#organization","name":"Perfogroup","alternateName":"Perfolux | Perfolight | Perfosound","url":"https:\/\/perfogroup.ch\/","logo":{"@type":"ImageObject","inLanguage":"de","@id":"https:\/\/perfogroup.ch\/#\/schema\/logo\/image\/","url":"https:\/\/perfogroup.ch\/wp-content\/uploads\/2020\/05\/Logo_PERFOGROUP.svg","contentUrl":"https:\/\/perfogroup.ch\/wp-content\/uploads\/2020\/05\/Logo_PERFOGROUP.svg","width":167,"height":34,"caption":"Perfogroup"},"image":{"@id":"https:\/\/perfogroup.ch\/#\/schema\/logo\/image\/"},"sameAs":["https:\/\/www.instagram.com\/perfogroup","https:\/\/www.linkedin.com\/company\/perfolux-sa"]},{"@type":"Person","@id":"https:\/\/perfogroup.ch\/#\/schema\/person\/863b0053dfca83a93dcdd8fcfba585d3","name":"Tony","image":{"@type":"ImageObject","inLanguage":"de","@id":"https:\/\/secure.gravatar.com\/avatar\/e00f7893de99afd6808a2f6b9460fdc17a343289183bc5ea258a92f4b99eafd2?s=96&d=mm&r=g","url":"https:\/\/secure.gravatar.com\/avatar\/e00f7893de99afd6808a2f6b9460fdc17a343289183bc5ea258a92f4b99eafd2?s=96&d=mm&r=g","contentUrl":"https:\/\/secure.gravatar.com\/avatar\/e00f7893de99afd6808a2f6b9460fdc17a343289183bc5ea258a92f4b99eafd2?s=96&d=mm&r=g","caption":"Tony"},"sameAs":["https:\/\/perfogroup.ch"]}]}},"_links":{"self":[{"href":"https:\/\/perfogroup.ch\/de\/wp-json\/wp\/v2\/posts\/13117","targetHints":{"allow":["GET"]}}],"collection":[{"href":"https:\/\/perfogroup.ch\/de\/wp-json\/wp\/v2\/posts"}],"about":[{"href":"https:\/\/perfogroup.ch\/de\/wp-json\/wp\/v2\/types\/post"}],"author":[{"embeddable":true,"href":"https:\/\/perfogroup.ch\/de\/wp-json\/wp\/v2\/users\/7"}],"replies":[{"embeddable":true,"href":"https:\/\/perfogroup.ch\/de\/wp-json\/wp\/v2\/comments?post=13117"}],"version-history":[{"count":13,"href":"https:\/\/perfogroup.ch\/de\/wp-json\/wp\/v2\/posts\/13117\/revisions"}],"predecessor-version":[{"id":13132,"href":"https:\/\/perfogroup.ch\/de\/wp-json\/wp\/v2\/posts\/13117\/revisions\/13132"}],"wp:featuredmedia":[{"embeddable":true,"href":"https:\/\/perfogroup.ch\/de\/wp-json\/wp\/v2\/media\/13101"}],"wp:attachment":[{"href":"https:\/\/perfogroup.ch\/de\/wp-json\/wp\/v2\/media?parent=13117"}],"wp:term":[{"taxonomy":"category","embeddable":true,"href":"https:\/\/perfogroup.ch\/de\/wp-json\/wp\/v2\/categories?post=13117"},{"taxonomy":"post_tag","embeddable":true,"href":"https:\/\/perfogroup.ch\/de\/wp-json\/wp\/v2\/tags?post=13117"},{"taxonomy":"categorie-blog","embeddable":true,"href":"https:\/\/perfogroup.ch\/de\/wp-json\/wp\/v2\/categorie-blog?post=13117"}],"curies":[{"name":"wp","href":"https:\/\/api.w.org\/{rel}","templated":true}]}}