{"id":11649,"date":"2025-03-26T08:00:19","date_gmt":"2025-03-26T08:00:19","guid":{"rendered":"https:\/\/perfogroup.ch\/?p=11649"},"modified":"2025-10-01T11:08:32","modified_gmt":"2025-10-01T11:08:32","slug":"eidg-diplom-vincent-george","status":"publish","type":"post","link":"https:\/\/perfogroup.ch\/de\/new\/brevet-federal-vincent-george\/","title":{"rendered":"Eidgen\u00f6s-sischer Fachausweis"},"content":{"rendered":"<div data-elementor-type=\"wp-post\" data-elementor-id=\"11649\" class=\"elementor elementor-11649\" data-elementor-post-type=\"post\">\n\t\t\t\t<section class=\"elementor-element elementor-element-4c07a02e e-flex e-con-boxed e-con e-parent\" data-id=\"4c07a02e\" data-element_type=\"container\" data-e-type=\"container\">\n\t\t\t\t\t<div class=\"e-con-inner\">\n\t\t<div class=\"elementor-element elementor-element-50f1dc5 e-con-full e-flex e-con e-child\" data-id=\"50f1dc5\" data-element_type=\"container\" data-e-type=\"container\" data-settings=\"{&quot;background_background&quot;:&quot;classic&quot;,&quot;animation&quot;:&quot;none&quot;}\">\n\t\t\t\t<div class=\"elementor-element elementor-element-c8c0210 elementor-widget elementor-widget-heading\" data-id=\"c8c0210\" data-element_type=\"widget\" data-e-type=\"widget\" data-widget_type=\"heading.default\">\n\t\t\t\t<div class=\"elementor-widget-container\">\n\t\t\t\t\t<h2 class=\"elementor-heading-title elementor-size-default\">Eidgen\u00f6s-sischer Fachausweis<\/h2>\t\t\t\t<\/div>\n\t\t\t\t<\/div>\n\t\t\t\t<div class=\"elementor-element elementor-element-3dc4e2f7 elementor-widget elementor-widget-post-info\" data-id=\"3dc4e2f7\" data-element_type=\"widget\" data-e-type=\"widget\" data-widget_type=\"post-info.default\">\n\t\t\t\t<div class=\"elementor-widget-container\">\n\t\t\t\t\t\t\t<ul class=\"elementor-inline-items elementor-icon-list-items elementor-post-info\">\n\t\t\t\t\t\t\t\t<li class=\"elementor-icon-list-item elementor-repeater-item-1598dbd elementor-inline-item\" itemprop=\"datePublished\">\n\t\t\t\t\t\t<a href=\"https:\/\/perfogroup.ch\/de\/2025\/03\/26\/\">\n\t\t\t\t\t\t\t\t\t\t\t<span class=\"elementor-icon-list-icon\">\n\t\t\t\t\t\t\t\t<i aria-hidden=\"true\" class=\"fas fa-calendar\"><\/i>\t\t\t\t\t\t\t<\/span>\n\t\t\t\t\t\t\t\t\t<span class=\"elementor-icon-list-text elementor-post-info__item elementor-post-info__item--type-date\">\n\t\t\t\t\t\t\t\t\t\t<time>26 M\u00e4rz 2025<\/time>\t\t\t\t\t<\/span>\n\t\t\t\t\t\t\t\t\t<\/a>\n\t\t\t\t<\/li>\n\t\t\t\t<\/ul>\n\t\t\t\t\t\t<\/div>\n\t\t\t\t<\/div>\n\t\t\t\t<div class=\"elementor-element elementor-element-57c9d3c4 elementor-share-buttons--skin-flat elementor-share-buttons--color-custom elementor-share-buttons--view-icon-text elementor-share-buttons--shape-square elementor-grid-0 elementor-widget elementor-widget-share-buttons\" data-id=\"57c9d3c4\" data-element_type=\"widget\" data-e-type=\"widget\" data-widget_type=\"share-buttons.default\">\n\t\t\t\t<div class=\"elementor-widget-container\">\n\t\t\t\t\t\t\t<div class=\"elementor-grid\" role=\"list\">\n\t\t\t\t\t\t\t\t<div class=\"elementor-grid-item\" role=\"listitem\">\n\t\t\t\t\t\t<div class=\"elementor-share-btn elementor-share-btn_facebook\" role=\"button\" tabindex=\"0\" aria-label=\"Partager sur facebook\">\n\t\t\t\t\t\t\t\t\t\t\t\t\t\t\t<span class=\"elementor-share-btn__icon\">\n\t\t\t\t\t\t\t\t<i class=\"fab fa-facebook\" aria-hidden=\"true\"><\/i>\t\t\t\t\t\t\t<\/span>\n\t\t\t\t\t\t\t\t\t\t\t\t\t\t\t\t\t\t\t\t\t\t<div class=\"elementor-share-btn__text\">\n\t\t\t\t\t\t\t\t\t\t\t\t\t\t\t\t\t\t\t<span class=\"elementor-share-btn__title\">\n\t\t\t\t\t\t\t\t\t\tFacebook\t\t\t\t\t\t\t\t\t<\/span>\n\t\t\t\t\t\t\t\t\t\t\t\t\t\t\t\t\t<\/div>\n\t\t\t\t\t\t\t\t\t\t\t\t\t<\/div>\n\t\t\t\t\t<\/div>\n\t\t\t\t\t\t\t\t\t<div class=\"elementor-grid-item\" role=\"listitem\">\n\t\t\t\t\t\t<div class=\"elementor-share-btn elementor-share-btn_x-twitter\" role=\"button\" tabindex=\"0\" aria-label=\"Partager sur x-twitter\">\n\t\t\t\t\t\t\t\t\t\t\t\t\t\t\t<span class=\"elementor-share-btn__icon\">\n\t\t\t\t\t\t\t\t<i class=\"fab fa-x-twitter\" aria-hidden=\"true\"><\/i>\t\t\t\t\t\t\t<\/span>\n\t\t\t\t\t\t\t\t\t\t\t\t\t\t\t\t\t\t\t\t\t\t<div class=\"elementor-share-btn__text\">\n\t\t\t\t\t\t\t\t\t\t\t\t\t\t\t\t\t\t\t<span class=\"elementor-share-btn__title\">\n\t\t\t\t\t\t\t\t\t\tX\t\t\t\t\t\t\t\t\t<\/span>\n\t\t\t\t\t\t\t\t\t\t\t\t\t\t\t\t\t<\/div>\n\t\t\t\t\t\t\t\t\t\t\t\t\t<\/div>\n\t\t\t\t\t<\/div>\n\t\t\t\t\t\t\t\t\t<div class=\"elementor-grid-item\" role=\"listitem\">\n\t\t\t\t\t\t<div class=\"elementor-share-btn elementor-share-btn_linkedin\" role=\"button\" tabindex=\"0\" aria-label=\"Partager sur linkedin\">\n\t\t\t\t\t\t\t\t\t\t\t\t\t\t\t<span class=\"elementor-share-btn__icon\">\n\t\t\t\t\t\t\t\t<i class=\"fab fa-linkedin\" aria-hidden=\"true\"><\/i>\t\t\t\t\t\t\t<\/span>\n\t\t\t\t\t\t\t\t\t\t\t\t\t\t\t\t\t\t\t\t\t\t<div class=\"elementor-share-btn__text\">\n\t\t\t\t\t\t\t\t\t\t\t\t\t\t\t\t\t\t\t<span class=\"elementor-share-btn__title\">\n\t\t\t\t\t\t\t\t\t\tLinkedIn\t\t\t\t\t\t\t\t\t<\/span>\n\t\t\t\t\t\t\t\t\t\t\t\t\t\t\t\t\t<\/div>\n\t\t\t\t\t\t\t\t\t\t\t\t\t<\/div>\n\t\t\t\t\t<\/div>\n\t\t\t\t\t\t<\/div>\n\t\t\t\t\t\t<\/div>\n\t\t\t\t<\/div>\n\t\t\t\t<div class=\"elementor-element elementor-element-6507b24f elementor-widget-divider--view-line elementor-widget elementor-widget-divider\" data-id=\"6507b24f\" data-element_type=\"widget\" data-e-type=\"widget\" data-widget_type=\"divider.default\">\n\t\t\t\t<div class=\"elementor-widget-container\">\n\t\t\t\t\t\t\t<div class=\"elementor-divider\">\n\t\t\t<span class=\"elementor-divider-separator\">\n\t\t\t\t\t\t<\/span>\n\t\t<\/div>\n\t\t\t\t\t\t<\/div>\n\t\t\t\t<\/div>\n\t\t\t\t<div class=\"elementor-element elementor-element-3dc768b elementor-widget elementor-widget-text-editor\" data-id=\"3dc768b\" data-element_type=\"widget\" data-e-type=\"widget\" data-widget_type=\"text-editor.default\">\n\t\t\t\t<div class=\"elementor-widget-container\">\n\t\t\t\t\t\t\t\t\tVincent George erh\u00e4lt seinen eidgen\u00f6ssischen Fachausweis als Lichtplaner f\u00fcr Innenbeleuchtung und st\u00e4rkt damit die Expertise von Perfogroup.\t\t\t\t\t\t\t\t<\/div>\n\t\t\t\t<\/div>\n\t\t\t\t<\/div>\n\t\t<div class=\"elementor-element elementor-element-34458238 e-con-full e-flex e-con e-child\" data-id=\"34458238\" data-element_type=\"container\" data-e-type=\"container\" data-settings=\"{&quot;background_background&quot;:&quot;classic&quot;,&quot;animation&quot;:&quot;none&quot;}\">\n\t\t\t\t<div class=\"elementor-element elementor-element-4b0b03d1 elementor-widget elementor-widget-image\" data-id=\"4b0b03d1\" data-element_type=\"widget\" data-e-type=\"widget\" data-widget_type=\"image.default\">\n\t\t\t\t<div class=\"elementor-widget-container\">\n\t\t\t\t\t\t\t\t\t\t\t\t\t\t\t<img fetchpriority=\"high\" decoding=\"async\" width=\"500\" height=\"500\" src=\"https:\/\/perfogroup.ch\/wp-content\/uploads\/2025\/05\/perfogroup-brevet-george-main_.jpg\" class=\"attachment-large size-large wp-image-11651\" alt=\"\" srcset=\"https:\/\/perfogroup.ch\/wp-content\/uploads\/2025\/05\/perfogroup-brevet-george-main_.jpg 500w, https:\/\/perfogroup.ch\/wp-content\/uploads\/2025\/05\/perfogroup-brevet-george-main_-300x300.jpg 300w, https:\/\/perfogroup.ch\/wp-content\/uploads\/2025\/05\/perfogroup-brevet-george-main_-150x150.jpg 150w, https:\/\/perfogroup.ch\/wp-content\/uploads\/2025\/05\/perfogroup-brevet-george-main_-12x12.jpg 12w, https:\/\/perfogroup.ch\/wp-content\/uploads\/2025\/05\/perfogroup-brevet-george-main_-200x200.jpg 200w, https:\/\/perfogroup.ch\/wp-content\/uploads\/2025\/05\/perfogroup-brevet-george-main_-100x100.jpg 100w\" sizes=\"(max-width: 500px) 100vw, 500px\" \/>\t\t\t\t\t\t\t\t\t\t\t\t\t\t\t<\/div>\n\t\t\t\t<\/div>\n\t\t\t\t<\/div>\n\t\t\t\t\t<\/div>\n\t\t\t\t<\/section>\n\t\t<section class=\"elementor-element elementor-element-47e9df40 e-flex e-con-boxed e-con e-parent\" data-id=\"47e9df40\" data-element_type=\"container\" data-e-type=\"container\">\n\t\t\t\t\t<div class=\"e-con-inner\">\n\t\t<div class=\"elementor-element elementor-element-73d8b653 e-con-full e-flex e-con e-child\" data-id=\"73d8b653\" data-element_type=\"container\" data-e-type=\"container\" data-settings=\"{&quot;background_background&quot;:&quot;classic&quot;,&quot;animation&quot;:&quot;none&quot;}\">\n\t\t\t\t<div class=\"elementor-element elementor-element-3c7b61d5 elementor-widget elementor-widget-heading\" data-id=\"3c7b61d5\" data-element_type=\"widget\" data-e-type=\"widget\" data-widget_type=\"heading.default\">\n\t\t\t\t<div class=\"elementor-widget-container\">\n\t\t\t\t\t<h2 class=\"elementor-heading-title elementor-size-default\">Herzlichen Gl\u00fcckwunsch Vincent George!<\/h2>\t\t\t\t<\/div>\n\t\t\t\t<\/div>\n\t\t\t\t<div class=\"elementor-element elementor-element-64f95586 elementor-widget elementor-widget-text-editor\" data-id=\"64f95586\" data-element_type=\"widget\" data-e-type=\"widget\" data-widget_type=\"text-editor.default\">\n\t\t\t\t<div class=\"elementor-widget-container\">\n\t\t\t\t\t\t\t\t\t<p>Bei Perfogroup sind wir stolz darauf, den Erfolg von Vincent George zu feiern, einem Mitglied unseres Teams f\u00fcr professionelle Beleuchtung, das gerade seinen eidgen\u00f6ssischen Fachausweis als Lichtplaner f\u00fcr Innenbeleuchtung erhalten hat.\u00a0<\/p><p>Seine Expertise und sein Engagement st\u00e4rken weiterhin unser Fachwissen, um innovative und leistungsstarke Beleuchtungsl\u00f6sungen anzubieten. Herzlichen Gl\u00fcckwunsch, Vincent, zu diesem grossartigen Erfolg!<\/p>\t\t\t\t\t\t\t\t<\/div>\n\t\t\t\t<\/div>\n\t\t\t\t<\/div>\n\t\t\t\t\t<\/div>\n\t\t\t\t<\/section>\n\t\t<div class=\"elementor-element elementor-element-3afca991 e-flex e-con-boxed e-con e-parent\" data-id=\"3afca991\" data-element_type=\"container\" data-e-type=\"container\">\n\t\t\t\t\t<div class=\"e-con-inner\">\n\t\t<div class=\"elementor-element elementor-element-1faafe3f e-con-full e-flex e-con e-child\" data-id=\"1faafe3f\" data-element_type=\"container\" data-e-type=\"container\">\n\t\t\t\t<div class=\"elementor-element elementor-element-61328d8e elementor-widget elementor-widget-heading\" data-id=\"61328d8e\" data-element_type=\"widget\" data-e-type=\"widget\" data-widget_type=\"heading.default\">\n\t\t\t\t<div class=\"elementor-widget-container\">\n\t\t\t\t\t<h2 class=\"elementor-heading-title elementor-size-default\">Folgende Beitr\u00e4ge k\u00f6nnten Sie ebenfalls interessieren<\/h2>\t\t\t\t<\/div>\n\t\t\t\t<\/div>\n\t\t\t\t<\/div>\n\t\t<div class=\"elementor-element elementor-element-5e4961be e-con-full e-flex e-con e-child\" data-id=\"5e4961be\" data-element_type=\"container\" data-e-type=\"container\">\n\t\t\t\t<div class=\"elementor-element elementor-element-6deb59e8 elementor-grid-3 elementor-grid-tablet-2 elementor-grid-mobile-1 elementor-posts--thumbnail-top elementor-card-shadow-yes elementor-posts__hover-gradient elementor-widget elementor-widget-global elementor-global-12518 elementor-widget-posts\" data-id=\"6deb59e8\" data-element_type=\"widget\" data-e-type=\"widget\" data-settings=\"{&quot;cards_columns&quot;:&quot;3&quot;,&quot;cards_columns_tablet&quot;:&quot;2&quot;,&quot;cards_columns_mobile&quot;:&quot;1&quot;,&quot;cards_row_gap&quot;:{&quot;unit&quot;:&quot;px&quot;,&quot;size&quot;:35,&quot;sizes&quot;:[]},&quot;cards_row_gap_tablet&quot;:{&quot;unit&quot;:&quot;px&quot;,&quot;size&quot;:&quot;&quot;,&quot;sizes&quot;:[]},&quot;cards_row_gap_mobile&quot;:{&quot;unit&quot;:&quot;px&quot;,&quot;size&quot;:&quot;&quot;,&quot;sizes&quot;:[]}}\" data-widget_type=\"posts.cards\">\n\t\t\t\t<div class=\"elementor-widget-container\">\n\t\t\t\t\t\t\t<div class=\"elementor-posts-container elementor-posts elementor-posts--skin-cards elementor-grid\" role=\"list\">\n\t\t\t\t<article class=\"elementor-post elementor-grid-item post-12797 post type-post status-publish format-standard has-post-thumbnail hentry category-new categorie-blog-vie-entreprise entry has-media owp-thumbs-layout-horizontal owp-btn-normal owp-tabs-layout-horizontal has-no-thumbnails has-product-nav\" role=\"listitem\">\n\t\t\t<div class=\"elementor-post__card\">\n\t\t\t\t<a class=\"elementor-post__thumbnail__link\" href=\"https:\/\/perfogroup.ch\/de\/new\/catalogue-2026\/\" tabindex=\"-1\" ><div class=\"elementor-post__thumbnail\"><img decoding=\"async\" width=\"300\" height=\"300\" src=\"https:\/\/perfogroup.ch\/wp-content\/uploads\/2026\/02\/perfogroup-catalogue-main-300x300.jpg\" class=\"attachment-medium size-medium wp-image-12817\" alt=\"\" srcset=\"https:\/\/perfogroup.ch\/wp-content\/uploads\/2026\/02\/perfogroup-catalogue-main-300x300.jpg 300w, https:\/\/perfogroup.ch\/wp-content\/uploads\/2026\/02\/perfogroup-catalogue-main-150x150.jpg 150w, https:\/\/perfogroup.ch\/wp-content\/uploads\/2026\/02\/perfogroup-catalogue-main-12x12.jpg 12w, https:\/\/perfogroup.ch\/wp-content\/uploads\/2026\/02\/perfogroup-catalogue-main-200x200.jpg 200w, https:\/\/perfogroup.ch\/wp-content\/uploads\/2026\/02\/perfogroup-catalogue-main-100x100.jpg 100w, https:\/\/perfogroup.ch\/wp-content\/uploads\/2026\/02\/perfogroup-catalogue-main.jpg 500w\" sizes=\"(max-width: 300px) 100vw, 300px\" \/><\/div><\/a>\n\t\t\t\t<div class=\"elementor-post__text\">\n\t\t\t\t<h3 class=\"elementor-post__title\">\n\t\t\t<a href=\"https:\/\/perfogroup.ch\/de\/new\/catalogue-2026\/\" >\n\t\t\t\tNeuer Katalog 2026\t\t\t<\/a>\n\t\t<\/h3>\n\t\t\t\t<div class=\"elementor-post__excerpt\">\n\t\t\t<p>Entdecken Sie die Perfogroup Produktauswahl 2026: zuverl\u00e4ssige Notbeleuchtungs- und professionelle Beleuchtungsl\u00f6sungen, praxisgerecht und bew\u00e4hrt.<\/p>\n\t\t<\/div>\n\t\t\t\t\t<div class=\"elementor-post__read-more-wrapper\">\n\t\t\n\t\t<a class=\"elementor-post__read-more\" href=\"https:\/\/perfogroup.ch\/de\/new\/catalogue-2026\/\" aria-label=\"Mehr \u00fcber Nouveau catalogue 2026\" tabindex=\"-1\" >\n\t\t\tDen Beitrag lesen\t\t<\/a>\n\n\t\t\t\t\t<\/div>\n\t\t\t\t<\/div>\n\t\t\t\t<div class=\"elementor-post__meta-data\">\n\t\t\t\t\t<span class=\"elementor-post-date\">\n\t\t\t23 Februar 2026\t\t<\/span>\n\t\t\t\t<\/div>\n\t\t\t\t\t<\/div>\n\t\t<\/article>\n\t\t\t\t<article class=\"elementor-post elementor-grid-item post-12759 post type-post status-publish format-standard has-post-thumbnail hentry category-new categorie-blog-vie-entreprise entry has-media owp-thumbs-layout-horizontal owp-btn-normal owp-tabs-layout-horizontal has-no-thumbnails has-product-nav\" role=\"listitem\">\n\t\t\t<div class=\"elementor-post__card\">\n\t\t\t\t<a class=\"elementor-post__thumbnail__link\" href=\"https:\/\/perfogroup.ch\/de\/new\/evenement-perfogroup\/\" tabindex=\"-1\" ><div class=\"elementor-post__thumbnail\"><img decoding=\"async\" width=\"300\" height=\"300\" src=\"https:\/\/perfogroup.ch\/wp-content\/uploads\/2025\/12\/perfogroup-evenement-main-300x300.jpg\" class=\"attachment-medium size-medium wp-image-12776\" alt=\"\" srcset=\"https:\/\/perfogroup.ch\/wp-content\/uploads\/2025\/12\/perfogroup-evenement-main-300x300.jpg 300w, https:\/\/perfogroup.ch\/wp-content\/uploads\/2025\/12\/perfogroup-evenement-main-150x150.jpg 150w, https:\/\/perfogroup.ch\/wp-content\/uploads\/2025\/12\/perfogroup-evenement-main-12x12.jpg 12w, https:\/\/perfogroup.ch\/wp-content\/uploads\/2025\/12\/perfogroup-evenement-main-200x200.jpg 200w, https:\/\/perfogroup.ch\/wp-content\/uploads\/2025\/12\/perfogroup-evenement-main-100x100.jpg 100w, https:\/\/perfogroup.ch\/wp-content\/uploads\/2025\/12\/perfogroup-evenement-main.jpg 500w\" sizes=\"(max-width: 300px) 100vw, 300px\" \/><\/div><\/a>\n\t\t\t\t<div class=\"elementor-post__text\">\n\t\t\t\t<h3 class=\"elementor-post__title\">\n\t\t\t<a href=\"https:\/\/perfogroup.ch\/de\/new\/evenement-perfogroup\/\" >\n\t\t\t\tR\u00fcckblick auf die Jahresendveranstaltung\t\t\t<\/a>\n\t\t<\/h3>\n\t\t\t\t<div class=\"elementor-post__excerpt\">\n\t\t\t<p>Das Perfogroup-Team hat sich versammelt, um ein Jahr voller Projekte und Erfolge zu feiern. Unter dem Motto \u201eRed-Carpet-Gala\u201c bot diese Veranstaltung einen geselligen und unvergesslichen Moment.<\/p>\n\t\t<\/div>\n\t\t\t\t\t<div class=\"elementor-post__read-more-wrapper\">\n\t\t\n\t\t<a class=\"elementor-post__read-more\" href=\"https:\/\/perfogroup.ch\/de\/new\/evenement-perfogroup\/\" aria-label=\"Mehr \u00fcber Retour sur l\u2019\u00e9v\u00e9nement de fin d\u2019ann\u00e9e\" tabindex=\"-1\" >\n\t\t\tDen Beitrag lesen\t\t<\/a>\n\n\t\t\t\t\t<\/div>\n\t\t\t\t<\/div>\n\t\t\t\t<div class=\"elementor-post__meta-data\">\n\t\t\t\t\t<span class=\"elementor-post-date\">\n\t\t\t18 Dezember 2025\t\t<\/span>\n\t\t\t\t<\/div>\n\t\t\t\t\t<\/div>\n\t\t<\/article>\n\t\t\t\t<article class=\"elementor-post elementor-grid-item post-12611 post type-post status-publish format-standard has-post-thumbnail hentry category-new categorie-blog-vie-entreprise entry has-media owp-thumbs-layout-horizontal owp-btn-normal owp-tabs-layout-horizontal has-no-thumbnails has-product-nav\" role=\"listitem\">\n\t\t\t<div class=\"elementor-post__card\">\n\t\t\t\t<a class=\"elementor-post__thumbnail__link\" href=\"https:\/\/perfogroup.ch\/de\/new\/equipe-technique\/\" tabindex=\"-1\" ><div class=\"elementor-post__thumbnail\"><img loading=\"lazy\" decoding=\"async\" width=\"300\" height=\"300\" src=\"https:\/\/perfogroup.ch\/wp-content\/uploads\/2025\/10\/perfogroup-equipe-main-300x300.jpg\" class=\"attachment-medium size-medium wp-image-12613\" alt=\"\" srcset=\"https:\/\/perfogroup.ch\/wp-content\/uploads\/2025\/10\/perfogroup-equipe-main-300x300.jpg 300w, https:\/\/perfogroup.ch\/wp-content\/uploads\/2025\/10\/perfogroup-equipe-main-150x150.jpg 150w, https:\/\/perfogroup.ch\/wp-content\/uploads\/2025\/10\/perfogroup-equipe-main-12x12.jpg 12w, https:\/\/perfogroup.ch\/wp-content\/uploads\/2025\/10\/perfogroup-equipe-main-200x200.jpg 200w, https:\/\/perfogroup.ch\/wp-content\/uploads\/2025\/10\/perfogroup-equipe-main-100x100.jpg 100w, https:\/\/perfogroup.ch\/wp-content\/uploads\/2025\/10\/perfogroup-equipe-main.jpg 500w\" sizes=\"(max-width: 300px) 100vw, 300px\" \/><\/div><\/a>\n\t\t\t\t<div class=\"elementor-post__text\">\n\t\t\t\t<h3 class=\"elementor-post__title\">\n\t\t\t<a href=\"https:\/\/perfogroup.ch\/de\/new\/equipe-technique\/\" >\n\t\t\t\tEin vereintes und engagiertes Team\t\t\t<\/a>\n\t\t<\/h3>\n\t\t\t\t<div class=\"elementor-post__excerpt\">\n\t\t\t<p>Bei Perfogroup sorgen rund 30 eng verbundene Techniker schweizweit f\u00fcr Zuverl\u00e4ssigkeit und Spitzenleistung im Einsatz.<\/p>\n\t\t<\/div>\n\t\t\t\t\t<div class=\"elementor-post__read-more-wrapper\">\n\t\t\n\t\t<a class=\"elementor-post__read-more\" href=\"https:\/\/perfogroup.ch\/de\/new\/equipe-technique\/\" aria-label=\"Mehr \u00fcber Une \u00e9quipe soud\u00e9e et engag\u00e9e\" tabindex=\"-1\" >\n\t\t\tDen Beitrag lesen\t\t<\/a>\n\n\t\t\t\t\t<\/div>\n\t\t\t\t<\/div>\n\t\t\t\t<div class=\"elementor-post__meta-data\">\n\t\t\t\t\t<span class=\"elementor-post-date\">\n\t\t\t16 Oktober 2025\t\t<\/span>\n\t\t\t\t<\/div>\n\t\t\t\t\t<\/div>\n\t\t<\/article>\n\t\t\t\t<article class=\"elementor-post elementor-grid-item post-12483 post type-post status-publish format-standard has-post-thumbnail hentry category-new categorie-blog-vie-entreprise entry has-media owp-thumbs-layout-horizontal owp-btn-normal owp-tabs-layout-horizontal has-no-thumbnails has-product-nav\" role=\"listitem\">\n\t\t\t<div class=\"elementor-post__card\">\n\t\t\t\t<a class=\"elementor-post__thumbnail__link\" href=\"https:\/\/perfogroup.ch\/de\/new\/coulisses-52-minutes\/\" tabindex=\"-1\" ><div class=\"elementor-post__thumbnail\"><img loading=\"lazy\" decoding=\"async\" width=\"300\" height=\"300\" src=\"https:\/\/perfogroup.ch\/wp-content\/uploads\/2025\/09\/perfogroup-coulisses-52-minutes-main-300x300.jpg\" class=\"attachment-medium size-medium wp-image-12485\" alt=\"\" srcset=\"https:\/\/perfogroup.ch\/wp-content\/uploads\/2025\/09\/perfogroup-coulisses-52-minutes-main-300x300.jpg 300w, https:\/\/perfogroup.ch\/wp-content\/uploads\/2025\/09\/perfogroup-coulisses-52-minutes-main-150x150.jpg 150w, https:\/\/perfogroup.ch\/wp-content\/uploads\/2025\/09\/perfogroup-coulisses-52-minutes-main-12x12.jpg 12w, https:\/\/perfogroup.ch\/wp-content\/uploads\/2025\/09\/perfogroup-coulisses-52-minutes-main-200x200.jpg 200w, https:\/\/perfogroup.ch\/wp-content\/uploads\/2025\/09\/perfogroup-coulisses-52-minutes-main-100x100.jpg 100w, https:\/\/perfogroup.ch\/wp-content\/uploads\/2025\/09\/perfogroup-coulisses-52-minutes-main.jpg 500w\" sizes=\"(max-width: 300px) 100vw, 300px\" \/><\/div><\/a>\n\t\t\t\t<div class=\"elementor-post__text\">\n\t\t\t\t<h3 class=\"elementor-post__title\">\n\t\t\t<a href=\"https:\/\/perfogroup.ch\/de\/new\/coulisses-52-minutes\/\" >\n\t\t\t\tHinter den Kulissen mit 52 Minuten!\t\t\t<\/a>\n\t\t<\/h3>\n\t\t\t\t<div class=\"elementor-post__excerpt\">\n\t\t\t<p>Perfogroup hatte das Vergn\u00fcgen, das Team der RTS-Sendung 52 Minuten an seinem Hauptsitz in Cugy f\u00fcr die Aufnahme eines immersiven Sketches zu empfangen.<\/p>\n\t\t<\/div>\n\t\t\t\t\t<div class=\"elementor-post__read-more-wrapper\">\n\t\t\n\t\t<a class=\"elementor-post__read-more\" href=\"https:\/\/perfogroup.ch\/de\/new\/coulisses-52-minutes\/\" aria-label=\"Mehr \u00fcber Dans les coulisses avec 52 minutes !\" tabindex=\"-1\" >\n\t\t\tDen Beitrag lesen\t\t<\/a>\n\n\t\t\t\t\t<\/div>\n\t\t\t\t<\/div>\n\t\t\t\t<div class=\"elementor-post__meta-data\">\n\t\t\t\t\t<span class=\"elementor-post-date\">\n\t\t\t1 Oktober 2025\t\t<\/span>\n\t\t\t\t<\/div>\n\t\t\t\t\t<\/div>\n\t\t<\/article>\n\t\t\t\t<article class=\"elementor-post elementor-grid-item post-12363 post type-post status-publish format-standard has-post-thumbnail hentry category-new categorie-blog-vie-entreprise entry has-media owp-thumbs-layout-horizontal owp-btn-normal owp-tabs-layout-horizontal has-no-thumbnails has-product-nav\" role=\"listitem\">\n\t\t\t<div class=\"elementor-post__card\">\n\t\t\t\t<a class=\"elementor-post__thumbnail__link\" href=\"https:\/\/perfogroup.ch\/de\/new\/arnaud-magnin\/\" tabindex=\"-1\" ><div class=\"elementor-post__thumbnail\"><img loading=\"lazy\" decoding=\"async\" width=\"300\" height=\"300\" src=\"https:\/\/perfogroup.ch\/wp-content\/uploads\/2025\/08\/perfogroup-arnaud-magnin-main-1-300x300.jpg\" class=\"attachment-medium size-medium wp-image-12497\" alt=\"\" srcset=\"https:\/\/perfogroup.ch\/wp-content\/uploads\/2025\/08\/perfogroup-arnaud-magnin-main-1-300x300.jpg 300w, https:\/\/perfogroup.ch\/wp-content\/uploads\/2025\/08\/perfogroup-arnaud-magnin-main-1-150x150.jpg 150w, https:\/\/perfogroup.ch\/wp-content\/uploads\/2025\/08\/perfogroup-arnaud-magnin-main-1-12x12.jpg 12w, https:\/\/perfogroup.ch\/wp-content\/uploads\/2025\/08\/perfogroup-arnaud-magnin-main-1-200x200.jpg 200w, https:\/\/perfogroup.ch\/wp-content\/uploads\/2025\/08\/perfogroup-arnaud-magnin-main-1-100x100.jpg 100w, https:\/\/perfogroup.ch\/wp-content\/uploads\/2025\/08\/perfogroup-arnaud-magnin-main-1.jpg 500w\" sizes=\"(max-width: 300px) 100vw, 300px\" \/><\/div><\/a>\n\t\t\t\t<div class=\"elementor-post__text\">\n\t\t\t\t<h3 class=\"elementor-post__title\">\n\t\t\t<a href=\"https:\/\/perfogroup.ch\/de\/new\/arnaud-magnin\/\" >\n\t\t\t\tArnaud Magnin, Planung im Dienste der Sicherheit\t\t\t<\/a>\n\t\t<\/h3>\n\t\t\t\t<div class=\"elementor-post__excerpt\">\n\t\t\t<p>Gespr\u00e4ch mit Arnaud Magnin, der die zentrale Bedeutung der Planung bei Projekten f\u00fcr Notbeleuchtung, Rauch- und W\u00e4rmeabzug sowie Evakuierungsbeschallung hervorhebt.<\/p>\n\t\t<\/div>\n\t\t\t\t\t<div class=\"elementor-post__read-more-wrapper\">\n\t\t\n\t\t<a class=\"elementor-post__read-more\" href=\"https:\/\/perfogroup.ch\/de\/new\/arnaud-magnin\/\" aria-label=\"Mehr \u00fcber Arnaud Magnin, la planification au service de la s\u00e9curit\u00e9\" tabindex=\"-1\" >\n\t\t\tDen Beitrag lesen\t\t<\/a>\n\n\t\t\t\t\t<\/div>\n\t\t\t\t<\/div>\n\t\t\t\t<div class=\"elementor-post__meta-data\">\n\t\t\t\t\t<span class=\"elementor-post-date\">\n\t\t\t22 August 2025\t\t<\/span>\n\t\t\t\t<\/div>\n\t\t\t\t\t<\/div>\n\t\t<\/article>\n\t\t\t\t<article class=\"elementor-post elementor-grid-item post-12300 post type-post status-publish format-standard has-post-thumbnail hentry category-new categorie-blog-vie-entreprise entry has-media owp-thumbs-layout-horizontal owp-btn-normal owp-tabs-layout-horizontal has-no-thumbnails has-product-nav\" role=\"listitem\">\n\t\t\t<div class=\"elementor-post__card\">\n\t\t\t\t<a class=\"elementor-post__thumbnail__link\" href=\"https:\/\/perfogroup.ch\/de\/new\/cfc-benjamin\/\" tabindex=\"-1\" ><div class=\"elementor-post__thumbnail\"><img loading=\"lazy\" decoding=\"async\" width=\"300\" height=\"300\" src=\"https:\/\/perfogroup.ch\/wp-content\/uploads\/2025\/07\/perfogroup-cfc-benjamin-main-1-300x300.jpg\" class=\"attachment-medium size-medium wp-image-12499\" alt=\"\" srcset=\"https:\/\/perfogroup.ch\/wp-content\/uploads\/2025\/07\/perfogroup-cfc-benjamin-main-1-300x300.jpg 300w, https:\/\/perfogroup.ch\/wp-content\/uploads\/2025\/07\/perfogroup-cfc-benjamin-main-1-150x150.jpg 150w, https:\/\/perfogroup.ch\/wp-content\/uploads\/2025\/07\/perfogroup-cfc-benjamin-main-1-12x12.jpg 12w, https:\/\/perfogroup.ch\/wp-content\/uploads\/2025\/07\/perfogroup-cfc-benjamin-main-1-200x200.jpg 200w, https:\/\/perfogroup.ch\/wp-content\/uploads\/2025\/07\/perfogroup-cfc-benjamin-main-1-100x100.jpg 100w, https:\/\/perfogroup.ch\/wp-content\/uploads\/2025\/07\/perfogroup-cfc-benjamin-main-1.jpg 500w\" sizes=\"(max-width: 300px) 100vw, 300px\" \/><\/div><\/a>\n\t\t\t\t<div class=\"elementor-post__text\">\n\t\t\t\t<h3 class=\"elementor-post__title\">\n\t\t\t<a href=\"https:\/\/perfogroup.ch\/de\/new\/cfc-benjamin\/\" >\n\t\t\t\tBenjamin hat sein KV in der Tasche\t\t\t<\/a>\n\t\t<\/h3>\n\t\t\t\t<div class=\"elementor-post__excerpt\">\n\t\t\t<p>Ein sch\u00f6ner Erfolg f\u00fcr unseren Lehrling, den wir mit Freude w\u00e4hrend seiner gesamten Ausbildung begleiten durften.<\/p>\n\t\t<\/div>\n\t\t\t\t\t<div class=\"elementor-post__read-more-wrapper\">\n\t\t\n\t\t<a class=\"elementor-post__read-more\" href=\"https:\/\/perfogroup.ch\/de\/new\/cfc-benjamin\/\" aria-label=\"Mehr \u00fcber CFC en poche pour Benjamin\" tabindex=\"-1\" >\n\t\t\tDen Beitrag lesen\t\t<\/a>\n\n\t\t\t\t\t<\/div>\n\t\t\t\t<\/div>\n\t\t\t\t<div class=\"elementor-post__meta-data\">\n\t\t\t\t\t<span class=\"elementor-post-date\">\n\t\t\t9 Juli 2025\t\t<\/span>\n\t\t\t\t<\/div>\n\t\t\t\t\t<\/div>\n\t\t<\/article>\n\t\t\t\t<\/div>\n\t\t\n\t\t\t\t\t\t<\/div>\n\t\t\t\t<\/div>\n\t\t\t\t<\/div>\n\t\t\t\t\t<\/div>\n\t\t\t\t<\/div>\n\t\t<section class=\"elementor-element elementor-element-3aaa5dd5 e-flex e-con-boxed e-con e-parent\" data-id=\"3aaa5dd5\" data-element_type=\"container\" data-e-type=\"container\">\n\t\t\t\t\t<div class=\"e-con-inner\">\n\t\t<div class=\"elementor-element elementor-element-1eeb5d1c e-con-full e-flex e-con e-child\" data-id=\"1eeb5d1c\" data-element_type=\"container\" data-e-type=\"container\" data-settings=\"{&quot;background_background&quot;:&quot;classic&quot;}\">\n\t\t\t\t<\/div>\n\t\t<div class=\"elementor-element elementor-element-72ce8da3 e-con-full e-flex e-con e-child\" data-id=\"72ce8da3\" data-element_type=\"container\" data-e-type=\"container\" data-settings=\"{&quot;background_background&quot;:&quot;classic&quot;}\">\n\t\t\t\t<div class=\"elementor-element elementor-element-2d6e29ce elementor-widget elementor-widget-heading\" data-id=\"2d6e29ce\" data-element_type=\"widget\" data-e-type=\"widget\" data-widget_type=\"heading.default\">\n\t\t\t\t<div class=\"elementor-widget-container\">\n\t\t\t\t\t<h2 class=\"elementor-heading-title elementor-size-default\">Ce produit vous int\u00e9resse&amp;nbsp?<\/h2>\t\t\t\t<\/div>\n\t\t\t\t<\/div>\n\t\t\t\t<div class=\"elementor-element elementor-element-67a9745c elementor-widget elementor-widget-text-editor\" data-id=\"67a9745c\" data-element_type=\"widget\" data-e-type=\"widget\" data-widget_type=\"text-editor.default\">\n\t\t\t\t<div class=\"elementor-widget-container\">\n\t\t\t\t\t\t\t\t\t<p>Kontaktieren Sie uns per Telefon oder E-Mail. Wir orientieren Sie gerne im laufe eines kostenlosen und unverbindlichen Beratungsgespr\u00e4chs.<\/p>\t\t\t\t\t\t\t\t<\/div>\n\t\t\t\t<\/div>\n\t\t\t\t<div class=\"elementor-element elementor-element-4f789a1a elementor-position-inline-start elementor-mobile-position-inline-start elementor-view-default elementor-widget elementor-widget-icon-box\" data-id=\"4f789a1a\" data-element_type=\"widget\" data-e-type=\"widget\" data-widget_type=\"icon-box.default\">\n\t\t\t\t<div class=\"elementor-widget-container\">\n\t\t\t\t\t\t\t<div class=\"elementor-icon-box-wrapper\">\n\n\t\t\t\t\t\t<div class=\"elementor-icon-box-icon\">\n\t\t\t\t<a href=\"tel:0041582558200\" class=\"elementor-icon\" tabindex=\"-1\" aria-label=\"+41 58 255 82 00 - (FR - DE)\">\n\t\t\t\t<i aria-hidden=\"true\" class=\"fas fa-phone-alt\"><\/i>\t\t\t\t<\/a>\n\t\t\t<\/div>\n\t\t\t\n\t\t\t\t\t\t<div class=\"elementor-icon-box-content\">\n\n\t\t\t\t\t\t\t\t\t<div class=\"elementor-icon-box-title\">\n\t\t\t\t\t\t<a href=\"tel:0041582558200\" >\n\t\t\t\t\t\t\t+41 58 255 82 00 - (FR - DE)\t\t\t\t\t\t<\/a>\n\t\t\t\t\t<\/div>\n\t\t\t\t\n\t\t\t\t\n\t\t\t<\/div>\n\t\t\t\n\t\t<\/div>\n\t\t\t\t\t\t<\/div>\n\t\t\t\t<\/div>\n\t\t\t\t<div class=\"elementor-element elementor-element-4f7a7b68 elementor-position-inline-start elementor-mobile-position-inline-start elementor-view-default elementor-widget elementor-widget-icon-box\" data-id=\"4f7a7b68\" data-element_type=\"widget\" data-e-type=\"widget\" data-widget_type=\"icon-box.default\">\n\t\t\t\t<div class=\"elementor-widget-container\">\n\t\t\t\t\t\t\t<div class=\"elementor-icon-box-wrapper\">\n\n\t\t\t\t\t\t<div class=\"elementor-icon-box-icon\">\n\t\t\t\t<a href=\"mailto:info@staging.perfogroup.johdiservices.com\" class=\"elementor-icon\" tabindex=\"-1\" aria-label=\"info@perfogroup.ch\">\n\t\t\t\t<i aria-hidden=\"true\" class=\"fas fa-envelope\"><\/i>\t\t\t\t<\/a>\n\t\t\t<\/div>\n\t\t\t\n\t\t\t\t\t\t<div class=\"elementor-icon-box-content\">\n\n\t\t\t\t\t\t\t\t\t<div class=\"elementor-icon-box-title\">\n\t\t\t\t\t\t<a href=\"mailto:info@staging.perfogroup.johdiservices.com\" >\n\t\t\t\t\t\t\tinfo@perfogroup.ch\t\t\t\t\t\t<\/a>\n\t\t\t\t\t<\/div>\n\t\t\t\t\n\t\t\t\t\n\t\t\t<\/div>\n\t\t\t\n\t\t<\/div>\n\t\t\t\t\t\t<\/div>\n\t\t\t\t<\/div>\n\t\t\t\t<div class=\"elementor-element elementor-element-711bfa56 elementor-button-info elementor-align-left elementor-widget elementor-widget-button\" data-id=\"711bfa56\" data-element_type=\"widget\" data-e-type=\"widget\" data-widget_type=\"button.default\">\n\t\t\t\t<div class=\"elementor-widget-container\">\n\t\t\t\t\t\t\t\t\t<div class=\"elementor-button-wrapper\">\n\t\t\t\t\t<a class=\"elementor-button elementor-button-link elementor-size-lg\" href=\"https:\/\/perfogroup.ch\/de\/demande-offre\/\">\n\t\t\t\t\t\t<span class=\"elementor-button-content-wrapper\">\n\t\t\t\t\t\t\t\t\t<span class=\"elementor-button-text\">Perfogroup kontaktieren<\/span>\n\t\t\t\t\t<\/span>\n\t\t\t\t\t<\/a>\n\t\t\t\t<\/div>\n\t\t\t\t\t\t\t\t<\/div>\n\t\t\t\t<\/div>\n\t\t\t\t<\/div>\n\t\t\t\t\t<\/div>\n\t\t\t\t<\/section>\n\t\t\t\t<\/div>","protected":false},"excerpt":{"rendered":"<p>Vincent George erh\u00e4lt seinen eidgen\u00f6ssischen Fachausweis als Lichtplaner f\u00fcr Innenbeleuchtung und st\u00e4rkt damit die Expertise von Perfogroup.<\/p>","protected":false},"author":10,"featured_media":11651,"comment_status":"closed","ping_status":"open","sticky":false,"template":"elementor_header_footer","format":"standard","meta":{"_acf_changed":false,"ocean_post_layout":"","ocean_both_sidebars_style":"","ocean_both_sidebars_content_width":0,"ocean_both_sidebars_sidebars_width":0,"ocean_sidebar":"","ocean_second_sidebar":"","ocean_disable_margins":"enable","ocean_add_body_class":"","ocean_shortcode_before_top_bar":"","ocean_shortcode_after_top_bar":"","ocean_shortcode_before_header":"","ocean_shortcode_after_header":"","ocean_has_shortcode":"","ocean_shortcode_after_title":"","ocean_shortcode_before_footer_widgets":"","ocean_shortcode_after_footer_widgets":"","ocean_shortcode_before_footer_bottom":"","ocean_shortcode_after_footer_bottom":"","ocean_display_top_bar":"default","ocean_display_header":"default","ocean_header_style":"","ocean_center_header_left_menu":"","ocean_custom_header_template":"","ocean_custom_logo":0,"ocean_custom_retina_logo":0,"ocean_custom_logo_max_width":0,"ocean_custom_logo_tablet_max_width":0,"ocean_custom_logo_mobile_max_width":0,"ocean_custom_logo_max_height":0,"ocean_custom_logo_tablet_max_height":0,"ocean_custom_logo_mobile_max_height":0,"ocean_header_custom_menu":"","ocean_menu_typo_font_family":"","ocean_menu_typo_font_subset":"","ocean_menu_typo_font_size":0,"ocean_menu_typo_font_size_tablet":0,"ocean_menu_typo_font_size_mobile":0,"ocean_menu_typo_font_size_unit":"px","ocean_menu_typo_font_weight":"","ocean_menu_typo_font_weight_tablet":"","ocean_menu_typo_font_weight_mobile":"","ocean_menu_typo_transform":"","ocean_menu_typo_transform_tablet":"","ocean_menu_typo_transform_mobile":"","ocean_menu_typo_line_height":0,"ocean_menu_typo_line_height_tablet":0,"ocean_menu_typo_line_height_mobile":0,"ocean_menu_typo_line_height_unit":"","ocean_menu_typo_spacing":0,"ocean_menu_typo_spacing_tablet":0,"ocean_menu_typo_spacing_mobile":0,"ocean_menu_typo_spacing_unit":"","ocean_menu_link_color":"","ocean_menu_link_color_hover":"","ocean_menu_link_color_active":"","ocean_menu_link_background":"","ocean_menu_link_hover_background":"","ocean_menu_link_active_background":"","ocean_menu_social_links_bg":"","ocean_menu_social_hover_links_bg":"","ocean_menu_social_links_color":"","ocean_menu_social_hover_links_color":"","ocean_disable_title":"default","ocean_disable_heading":"default","ocean_post_title":"","ocean_post_subheading":"","ocean_post_title_style":"","ocean_post_title_background_color":"","ocean_post_title_background":0,"ocean_post_title_bg_image_position":"","ocean_post_title_bg_image_attachment":"","ocean_post_title_bg_image_repeat":"","ocean_post_title_bg_image_size":"","ocean_post_title_height":0,"ocean_post_title_bg_overlay":0.5,"ocean_post_title_bg_overlay_color":"","ocean_disable_breadcrumbs":"default","ocean_breadcrumbs_color":"","ocean_breadcrumbs_separator_color":"","ocean_breadcrumbs_links_color":"","ocean_breadcrumbs_links_hover_color":"","ocean_display_footer_widgets":"default","ocean_display_footer_bottom":"default","ocean_custom_footer_template":"","ocean_post_oembed":"","ocean_post_self_hosted_media":"","ocean_post_video_embed":"","ocean_link_format":"","ocean_link_format_target":"self","ocean_quote_format":"","ocean_quote_format_link":"post","ocean_gallery_link_images":"on","ocean_gallery_id":[],"footnotes":""},"categories":[182],"tags":[],"categorie-blog":[181],"class_list":["post-11649","post","type-post","status-publish","format-standard","has-post-thumbnail","hentry","category-new","categorie-blog-vie-entreprise","entry","has-media","owp-thumbs-layout-horizontal","owp-btn-normal","owp-tabs-layout-horizontal","has-no-thumbnails","has-product-nav"],"acf":[],"yoast_head":"<!-- This site is optimized with the Yoast SEO Premium plugin v21.9 (Yoast SEO v27.5) - https:\/\/yoast.com\/product\/yoast-seo-premium-wordpress\/ -->\n<title>Brevet f\u00e9d\u00e9ral obtenu<\/title>\n<meta name=\"robots\" content=\"noindex, follow\" \/>\n<meta property=\"og:locale\" content=\"de_DE\" \/>\n<meta property=\"og:type\" content=\"article\" \/>\n<meta property=\"og:title\" content=\"Brevet f\u00e9d\u00e9ral obtenu\" \/>\n<meta property=\"og:description\" content=\"Vincent George obtient son brevet f\u00e9d\u00e9ral de planificateur \u00e9clairagiste d&#039;int\u00e9rieur et renforce l\u2019expertise de Perfogroup.\" \/>\n<meta property=\"og:url\" content=\"https:\/\/perfogroup.ch\/de\/new\/eidg-diplom-vincent-george\/\" \/>\n<meta property=\"og:site_name\" content=\"Perfogroup\" \/>\n<meta property=\"article:published_time\" content=\"2025-03-26T08:00:19+00:00\" \/>\n<meta property=\"article:modified_time\" content=\"2025-10-01T11:08:32+00:00\" \/>\n<meta property=\"og:image\" content=\"https:\/\/perfogroup.ch\/wp-content\/uploads\/2025\/05\/perfogroup-brevet-george-main_.jpg\" \/>\n\t<meta property=\"og:image:width\" content=\"500\" \/>\n\t<meta property=\"og:image:height\" content=\"500\" \/>\n\t<meta property=\"og:image:type\" content=\"image\/jpeg\" \/>\n<meta name=\"author\" content=\"Sarah Alvarez\" \/>\n<meta name=\"twitter:card\" content=\"summary_large_image\" \/>\n<meta name=\"twitter:label1\" content=\"Verfasst von\" \/>\n\t<meta name=\"twitter:data1\" content=\"Sarah Alvarez\" \/>\n\t<meta name=\"twitter:label2\" content=\"Gesch\u00e4tzte Lesezeit\" \/>\n\t<meta name=\"twitter:data2\" content=\"1\u00a0Minute\" \/>\n<script type=\"application\/ld+json\" class=\"yoast-schema-graph\">{\"@context\":\"https:\\\/\\\/schema.org\",\"@graph\":[{\"@type\":\"Article\",\"@id\":\"https:\\\/\\\/perfogroup.ch\\\/new\\\/brevet-federal-vincent-george\\\/#article\",\"isPartOf\":{\"@id\":\"https:\\\/\\\/perfogroup.ch\\\/new\\\/brevet-federal-vincent-george\\\/\"},\"author\":{\"name\":\"Sarah Alvarez\",\"@id\":\"https:\\\/\\\/perfogroup.ch\\\/#\\\/schema\\\/person\\\/6e90cdc80ab117dbaf9d3930f8df8d42\"},\"headline\":\"Brevet f\u00e9d\u00e9ral obtenu\",\"datePublished\":\"2025-03-26T08:00:19+00:00\",\"dateModified\":\"2025-10-01T11:08:32+00:00\",\"mainEntityOfPage\":{\"@id\":\"https:\\\/\\\/perfogroup.ch\\\/new\\\/brevet-federal-vincent-george\\\/\"},\"wordCount\":116,\"publisher\":{\"@id\":\"https:\\\/\\\/perfogroup.ch\\\/#organization\"},\"image\":{\"@id\":\"https:\\\/\\\/perfogroup.ch\\\/new\\\/brevet-federal-vincent-george\\\/#primaryimage\"},\"thumbnailUrl\":\"https:\\\/\\\/perfogroup.ch\\\/wp-content\\\/uploads\\\/2025\\\/05\\\/perfogroup-brevet-george-main_.jpg\",\"articleSection\":[\"new\"],\"inLanguage\":\"de\"},{\"@type\":\"WebPage\",\"@id\":\"https:\\\/\\\/perfogroup.ch\\\/new\\\/brevet-federal-vincent-george\\\/\",\"url\":\"https:\\\/\\\/perfogroup.ch\\\/new\\\/brevet-federal-vincent-george\\\/\",\"name\":\"Brevet f\u00e9d\u00e9ral obtenu\",\"isPartOf\":{\"@id\":\"https:\\\/\\\/perfogroup.ch\\\/#website\"},\"primaryImageOfPage\":{\"@id\":\"https:\\\/\\\/perfogroup.ch\\\/new\\\/brevet-federal-vincent-george\\\/#primaryimage\"},\"image\":{\"@id\":\"https:\\\/\\\/perfogroup.ch\\\/new\\\/brevet-federal-vincent-george\\\/#primaryimage\"},\"thumbnailUrl\":\"https:\\\/\\\/perfogroup.ch\\\/wp-content\\\/uploads\\\/2025\\\/05\\\/perfogroup-brevet-george-main_.jpg\",\"datePublished\":\"2025-03-26T08:00:19+00:00\",\"dateModified\":\"2025-10-01T11:08:32+00:00\",\"inLanguage\":\"de\",\"potentialAction\":[{\"@type\":\"ReadAction\",\"target\":[\"https:\\\/\\\/perfogroup.ch\\\/new\\\/brevet-federal-vincent-george\\\/\"]}]},{\"@type\":\"ImageObject\",\"inLanguage\":\"de\",\"@id\":\"https:\\\/\\\/perfogroup.ch\\\/new\\\/brevet-federal-vincent-george\\\/#primaryimage\",\"url\":\"https:\\\/\\\/perfogroup.ch\\\/wp-content\\\/uploads\\\/2025\\\/05\\\/perfogroup-brevet-george-main_.jpg\",\"contentUrl\":\"https:\\\/\\\/perfogroup.ch\\\/wp-content\\\/uploads\\\/2025\\\/05\\\/perfogroup-brevet-george-main_.jpg\",\"width\":500,\"height\":500},{\"@type\":\"WebSite\",\"@id\":\"https:\\\/\\\/perfogroup.ch\\\/#website\",\"url\":\"https:\\\/\\\/perfogroup.ch\\\/\",\"name\":\"Perfogroup\",\"description\":\"Global solution\",\"publisher\":{\"@id\":\"https:\\\/\\\/perfogroup.ch\\\/#organization\"},\"potentialAction\":[{\"@type\":\"SearchAction\",\"target\":{\"@type\":\"EntryPoint\",\"urlTemplate\":\"https:\\\/\\\/perfogroup.ch\\\/?s={search_term_string}\"},\"query-input\":{\"@type\":\"PropertyValueSpecification\",\"valueRequired\":true,\"valueName\":\"search_term_string\"}}],\"inLanguage\":\"de\"},{\"@type\":\"Organization\",\"@id\":\"https:\\\/\\\/perfogroup.ch\\\/#organization\",\"name\":\"Perfogroup\",\"alternateName\":\"Perfolux | Perfolight | Perfosound\",\"url\":\"https:\\\/\\\/perfogroup.ch\\\/\",\"logo\":{\"@type\":\"ImageObject\",\"inLanguage\":\"de\",\"@id\":\"https:\\\/\\\/perfogroup.ch\\\/#\\\/schema\\\/logo\\\/image\\\/\",\"url\":\"https:\\\/\\\/perfogroup.ch\\\/wp-content\\\/uploads\\\/2020\\\/05\\\/Logo_PERFOGROUP.svg\",\"contentUrl\":\"https:\\\/\\\/perfogroup.ch\\\/wp-content\\\/uploads\\\/2020\\\/05\\\/Logo_PERFOGROUP.svg\",\"width\":167,\"height\":34,\"caption\":\"Perfogroup\"},\"image\":{\"@id\":\"https:\\\/\\\/perfogroup.ch\\\/#\\\/schema\\\/logo\\\/image\\\/\"},\"sameAs\":[\"https:\\\/\\\/www.instagram.com\\\/perfogroup\",\"https:\\\/\\\/www.linkedin.com\\\/company\\\/perfolux-sa\"]},{\"@type\":\"Person\",\"@id\":\"https:\\\/\\\/perfogroup.ch\\\/#\\\/schema\\\/person\\\/6e90cdc80ab117dbaf9d3930f8df8d42\",\"name\":\"Sarah Alvarez\",\"image\":{\"@type\":\"ImageObject\",\"inLanguage\":\"de\",\"@id\":\"https:\\\/\\\/secure.gravatar.com\\\/avatar\\\/3b19a97b7292b993df138cfa8559550edb7a6b7fbeae3c638dca0a6a4ec176c4?s=96&d=mm&r=g\",\"url\":\"https:\\\/\\\/secure.gravatar.com\\\/avatar\\\/3b19a97b7292b993df138cfa8559550edb7a6b7fbeae3c638dca0a6a4ec176c4?s=96&d=mm&r=g\",\"contentUrl\":\"https:\\\/\\\/secure.gravatar.com\\\/avatar\\\/3b19a97b7292b993df138cfa8559550edb7a6b7fbeae3c638dca0a6a4ec176c4?s=96&d=mm&r=g\",\"caption\":\"Sarah Alvarez\"}}]}<\/script>\n<!-- \/ Yoast SEO Premium plugin. -->","yoast_head_json":{"title":"Eidgen\u00f6s-sischer Fachausweis","robots":{"index":"noindex","follow":"follow"},"og_locale":"de_DE","og_type":"article","og_title":"Brevet f\u00e9d\u00e9ral obtenu","og_description":"Vincent George obtient son brevet f\u00e9d\u00e9ral de planificateur \u00e9clairagiste d'int\u00e9rieur et renforce l\u2019expertise de Perfogroup.","og_url":"https:\/\/perfogroup.ch\/de\/new\/eidg-diplom-vincent-george\/","og_site_name":"Perfogroup","article_published_time":"2025-03-26T08:00:19+00:00","article_modified_time":"2025-10-01T11:08:32+00:00","og_image":[{"width":500,"height":500,"url":"https:\/\/perfogroup.ch\/wp-content\/uploads\/2025\/05\/perfogroup-brevet-george-main_.jpg","type":"image\/jpeg"}],"author":"Sarah Alvarez","twitter_card":"summary_large_image","twitter_misc":{"Verfasst von":"Sarah Alvarez","Gesch\u00e4tzte Lesezeit":"1\u00a0Minute"},"schema":{"@context":"https:\/\/schema.org","@graph":[{"@type":"Article","@id":"https:\/\/perfogroup.ch\/new\/brevet-federal-vincent-george\/#article","isPartOf":{"@id":"https:\/\/perfogroup.ch\/new\/brevet-federal-vincent-george\/"},"author":{"name":"Sarah Alvarez","@id":"https:\/\/perfogroup.ch\/#\/schema\/person\/6e90cdc80ab117dbaf9d3930f8df8d42"},"headline":"Brevet f\u00e9d\u00e9ral obtenu","datePublished":"2025-03-26T08:00:19+00:00","dateModified":"2025-10-01T11:08:32+00:00","mainEntityOfPage":{"@id":"https:\/\/perfogroup.ch\/new\/brevet-federal-vincent-george\/"},"wordCount":116,"publisher":{"@id":"https:\/\/perfogroup.ch\/#organization"},"image":{"@id":"https:\/\/perfogroup.ch\/new\/brevet-federal-vincent-george\/#primaryimage"},"thumbnailUrl":"https:\/\/perfogroup.ch\/wp-content\/uploads\/2025\/05\/perfogroup-brevet-george-main_.jpg","articleSection":["new"],"inLanguage":"de"},{"@type":"WebPage","@id":"https:\/\/perfogroup.ch\/new\/brevet-federal-vincent-george\/","url":"https:\/\/perfogroup.ch\/new\/brevet-federal-vincent-george\/","name":"Eidgen\u00f6s-sischer Fachausweis","isPartOf":{"@id":"https:\/\/perfogroup.ch\/#website"},"primaryImageOfPage":{"@id":"https:\/\/perfogroup.ch\/new\/brevet-federal-vincent-george\/#primaryimage"},"image":{"@id":"https:\/\/perfogroup.ch\/new\/brevet-federal-vincent-george\/#primaryimage"},"thumbnailUrl":"https:\/\/perfogroup.ch\/wp-content\/uploads\/2025\/05\/perfogroup-brevet-george-main_.jpg","datePublished":"2025-03-26T08:00:19+00:00","dateModified":"2025-10-01T11:08:32+00:00","inLanguage":"de","potentialAction":[{"@type":"ReadAction","target":["https:\/\/perfogroup.ch\/new\/brevet-federal-vincent-george\/"]}]},{"@type":"ImageObject","inLanguage":"de","@id":"https:\/\/perfogroup.ch\/new\/brevet-federal-vincent-george\/#primaryimage","url":"https:\/\/perfogroup.ch\/wp-content\/uploads\/2025\/05\/perfogroup-brevet-george-main_.jpg","contentUrl":"https:\/\/perfogroup.ch\/wp-content\/uploads\/2025\/05\/perfogroup-brevet-george-main_.jpg","width":500,"height":500},{"@type":"WebSite","@id":"https:\/\/perfogroup.ch\/#website","url":"https:\/\/perfogroup.ch\/","name":"Perfogroup","description":"Globale L\u00f6sung","publisher":{"@id":"https:\/\/perfogroup.ch\/#organization"},"potentialAction":[{"@type":"SearchAction","target":{"@type":"EntryPoint","urlTemplate":"https:\/\/perfogroup.ch\/?s={search_term_string}"},"query-input":{"@type":"PropertyValueSpecification","valueRequired":true,"valueName":"search_term_string"}}],"inLanguage":"de"},{"@type":"Organization","@id":"https:\/\/perfogroup.ch\/#organization","name":"Perfogroup","alternateName":"Perfolux | Perfolight | Perfosound","url":"https:\/\/perfogroup.ch\/","logo":{"@type":"ImageObject","inLanguage":"de","@id":"https:\/\/perfogroup.ch\/#\/schema\/logo\/image\/","url":"https:\/\/perfogroup.ch\/wp-content\/uploads\/2020\/05\/Logo_PERFOGROUP.svg","contentUrl":"https:\/\/perfogroup.ch\/wp-content\/uploads\/2020\/05\/Logo_PERFOGROUP.svg","width":167,"height":34,"caption":"Perfogroup"},"image":{"@id":"https:\/\/perfogroup.ch\/#\/schema\/logo\/image\/"},"sameAs":["https:\/\/www.instagram.com\/perfogroup","https:\/\/www.linkedin.com\/company\/perfolux-sa"]},{"@type":"Person","@id":"https:\/\/perfogroup.ch\/#\/schema\/person\/6e90cdc80ab117dbaf9d3930f8df8d42","name":"Sarah Alvarez","image":{"@type":"ImageObject","inLanguage":"de","@id":"https:\/\/secure.gravatar.com\/avatar\/3b19a97b7292b993df138cfa8559550edb7a6b7fbeae3c638dca0a6a4ec176c4?s=96&d=mm&r=g","url":"https:\/\/secure.gravatar.com\/avatar\/3b19a97b7292b993df138cfa8559550edb7a6b7fbeae3c638dca0a6a4ec176c4?s=96&d=mm&r=g","contentUrl":"https:\/\/secure.gravatar.com\/avatar\/3b19a97b7292b993df138cfa8559550edb7a6b7fbeae3c638dca0a6a4ec176c4?s=96&d=mm&r=g","caption":"Sarah Alvarez"}}]}},"_links":{"self":[{"href":"https:\/\/perfogroup.ch\/de\/wp-json\/wp\/v2\/posts\/11649","targetHints":{"allow":["GET"]}}],"collection":[{"href":"https:\/\/perfogroup.ch\/de\/wp-json\/wp\/v2\/posts"}],"about":[{"href":"https:\/\/perfogroup.ch\/de\/wp-json\/wp\/v2\/types\/post"}],"author":[{"embeddable":true,"href":"https:\/\/perfogroup.ch\/de\/wp-json\/wp\/v2\/users\/10"}],"replies":[{"embeddable":true,"href":"https:\/\/perfogroup.ch\/de\/wp-json\/wp\/v2\/comments?post=11649"}],"version-history":[{"count":12,"href":"https:\/\/perfogroup.ch\/de\/wp-json\/wp\/v2\/posts\/11649\/revisions"}],"predecessor-version":[{"id":12548,"href":"https:\/\/perfogroup.ch\/de\/wp-json\/wp\/v2\/posts\/11649\/revisions\/12548"}],"wp:featuredmedia":[{"embeddable":true,"href":"https:\/\/perfogroup.ch\/de\/wp-json\/wp\/v2\/media\/11651"}],"wp:attachment":[{"href":"https:\/\/perfogroup.ch\/de\/wp-json\/wp\/v2\/media?parent=11649"}],"wp:term":[{"taxonomy":"category","embeddable":true,"href":"https:\/\/perfogroup.ch\/de\/wp-json\/wp\/v2\/categories?post=11649"},{"taxonomy":"post_tag","embeddable":true,"href":"https:\/\/perfogroup.ch\/de\/wp-json\/wp\/v2\/tags?post=11649"},{"taxonomy":"categorie-blog","embeddable":true,"href":"https:\/\/perfogroup.ch\/de\/wp-json\/wp\/v2\/categorie-blog?post=11649"}],"curies":[{"name":"wp","href":"https:\/\/api.w.org\/{rel}","templated":true}]}}